{"id":666,"date":"2016-06-06T09:02:29","date_gmt":"2016-06-06T08:02:29","guid":{"rendered":"http:\/\/www.toletum-network.com\/?p=666"},"modified":"2016-11-02T21:40:37","modified_gmt":"2016-11-02T20:40:37","slug":"segundas-jornadas-de-historia-arquitectura-y-construccion-fortificada","status":"publish","type":"post","link":"https:\/\/www.toletum-network.com\/es\/2016\/06\/segundas-jornadas-de-historia-arquitectura-y-construccion-fortificada\/","title":{"rendered":"Segundas Jornadas de Historia, Arquitectura y Construcci\u00f3n Fortificada"},"content":{"rendered":"<p><img loading=\"lazy\" decoding=\"async\" class=\"alignnone wp-image-924 size-full\" src=\"http:\/\/www.toletum-network.com\/wp-content\/uploads\/2016\/07\/Blog-1.jpg\" width=\"840\" height=\"403\" srcset=\"https:\/\/www.toletum-network.com\/wp-content\/uploads\/2016\/07\/Blog-1.jpg 840w, https:\/\/www.toletum-network.com\/wp-content\/uploads\/2016\/07\/Blog-1-300x144.jpg 300w, https:\/\/www.toletum-network.com\/wp-content\/uploads\/2016\/07\/Blog-1-768x368.jpg 768w\" sizes=\"auto, (max-width: 709px) 85vw, (max-width: 909px) 67vw, (max-width: 1362px) 62vw, 840px\" \/><\/p>\n<p><img loading=\"lazy\" decoding=\"async\" class=\"alignnone wp-image-927 size-full\" src=\"http:\/\/www.toletum-network.com\/wp-content\/uploads\/2016\/07\/Blog4.jpg\" width=\"840\" height=\"403\" srcset=\"https:\/\/www.toletum-network.com\/wp-content\/uploads\/2016\/07\/Blog4.jpg 840w, https:\/\/www.toletum-network.com\/wp-content\/uploads\/2016\/07\/Blog4-300x144.jpg 300w, https:\/\/www.toletum-network.com\/wp-content\/uploads\/2016\/07\/Blog4-768x368.jpg 768w\" sizes=\"auto, (max-width: 709px) 85vw, (max-width: 909px) 67vw, (max-width: 1362px) 62vw, 840px\" \/><\/p>\n<p>Aus dem Ank\u00fcndigungstext der Veranstalter<\/p>\n<p><em>\u201c(\u2026) El objetivo de esta Jornada es mostrar las investigaciones recientes que se est\u00e1n desarrollando tanto en el \u00e1mbito acad\u00e9mico como en el profesional. <strong>La fortificaci\u00f3n como objeto de estudio puede ser analizada desde los puntos de vista hist\u00f3rico, arqueol\u00f3gico, arquitect\u00f3nico, geogr\u00e1fico, poliorc\u00e9tico y t\u00e9cnico-constructivo.<\/strong> Se abre el plazo para la recepci\u00f3n de res\u00famenes de comunicaciones, que ser\u00e1n revisadas por el comit\u00e9 cient\u00edfico seg\u00fan el m\u00e9todo de doble ciego.<\/em><br \/>\n<em> Esta arquitectura se encuentra en la actualidad en un entorno completamente descontextualizado, habi\u00e9ndose perdido las condiciones que la generaron. En muchas ocasiones, su historia y significado no son suficientemente conocidos ni valorados, lo que lleva en muchos casos a la desaparici\u00f3n de este Patrimonio Defensivo, y con \u00e9l su historia y su lenguaje poliorc\u00e9tico. (\u2026).\u201d<\/em><\/p>\n<p><strong>Sektionen zu<\/strong><br \/>\n\u2013 Fortificaci\u00f3n antigua \/ medieval \/ moderna<br \/>\n\u2013 Fuentes y tratados<br \/>\n\u2013 Poliorc\u00e9tica2.23-Calata\u00f1azor<br \/>\n\u2013 Historia de la Construcci\u00f3n Fortificada<br \/>\n\u2013 Historia militar<br \/>\n\u2013 Intervenci\u00f3n en el patrimonio fortificado<br \/>\n\u2013 Gesti\u00f3n y mantenimiento social del patrimonio fortificado<\/p>\n<p><span style=\"color: #999999;\">\u2014 6. bis 7. Oktober 2016<\/span><\/p>\n<p><strong>Organisation<\/strong><br \/>\nMiguel \u00c1ngel Bru Castro, Ana Escobar Gonz\u00e1lez, Ignacio Javier Gil Crespo, Estefan\u00eda Herrero Garc\u00eda, Miguel \u00c1ngel Mart\u00edn Blanco, Sanaa Niar<br \/>\nVerstaltungsort: Fundaci\u00f3n C\u00e1rdenas Rosales, Calle de Jos\u00e9 Ortega y Gasset, 17, 28006 Madrid<\/p>\n<p>\u00a1OJO! Bis zum 15. Juni 2016 k\u00f6nnen Vorschl\u00e4ge f\u00fcr Beitr\u00e4ge eingereicht werden; weitere Informationen unter \u2026fundacioncardenas.es\u2026<\/p>\n","protected":false},"excerpt":{"rendered":"<p>Aus dem Ank\u00fcndigungstext der Veranstalter \u201c(\u2026) El objetivo de esta Jornada es mostrar las investigaciones recientes que se est\u00e1n desarrollando tanto en el \u00e1mbito acad\u00e9mico como en el profesional. La fortificaci\u00f3n como objeto de estudio puede ser analizada desde los puntos de vista hist\u00f3rico, arqueol\u00f3gico, arquitect\u00f3nico, geogr\u00e1fico, poliorc\u00e9tico y t\u00e9cnico-constructivo. Se abre el plazo para &hellip; <a href=\"https:\/\/www.toletum-network.com\/es\/2016\/06\/segundas-jornadas-de-historia-arquitectura-y-construccion-fortificada\/\" class=\"more-link\">Continuar leyendo<span class=\"screen-reader-text\"> \u00abSegundas Jornadas de Historia, Arquitectura y Construcci\u00f3n Fortificada\u00bb<\/span><\/a><\/p>\n","protected":false},"author":8,"featured_media":0,"comment_status":"closed","ping_status":"open","sticky":false,"template":"","format":"standard","meta":{"jetpack_post_was_ever_published":false,"_jetpack_newsletter_access":"","_jetpack_dont_email_post_to_subs":true,"_jetpack_newsletter_tier_id":0,"_jetpack_memberships_contains_paywalled_content":false,"_jetpack_memberships_contains_paid_content":false,"footnotes":"","jetpack_publicize_message":"","jetpack_publicize_feature_enabled":true,"jetpack_social_post_already_shared":false,"jetpack_social_options":{"image_generator_settings":{"template":"highway","default_image_id":0,"font":"","enabled":false},"version":2}},"categories":[1],"tags":[],"class_list":["post-666","post","type-post","status-publish","format-standard","hentry","category-uncategorized"],"jetpack_publicize_connections":[],"jetpack_featured_media_url":"","jetpack_sharing_enabled":true,"jetpack_shortlink":"https:\/\/wp.me\/p82TDz-aK","_links":{"self":[{"href":"https:\/\/www.toletum-network.com\/es\/wp-json\/wp\/v2\/posts\/666","targetHints":{"allow":["GET"]}}],"collection":[{"href":"https:\/\/www.toletum-network.com\/es\/wp-json\/wp\/v2\/posts"}],"about":[{"href":"https:\/\/www.toletum-network.com\/es\/wp-json\/wp\/v2\/types\/post"}],"author":[{"embeddable":true,"href":"https:\/\/www.toletum-network.com\/es\/wp-json\/wp\/v2\/users\/8"}],"replies":[{"embeddable":true,"href":"https:\/\/www.toletum-network.com\/es\/wp-json\/wp\/v2\/comments?post=666"}],"version-history":[{"count":11,"href":"https:\/\/www.toletum-network.com\/es\/wp-json\/wp\/v2\/posts\/666\/revisions"}],"predecessor-version":[{"id":9774,"href":"https:\/\/www.toletum-network.com\/es\/wp-json\/wp\/v2\/posts\/666\/revisions\/9774"}],"wp:attachment":[{"href":"https:\/\/www.toletum-network.com\/es\/wp-json\/wp\/v2\/media?parent=666"}],"wp:term":[{"taxonomy":"category","embeddable":true,"href":"https:\/\/www.toletum-network.com\/es\/wp-json\/wp\/v2\/categories?post=666"},{"taxonomy":"post_tag","embeddable":true,"href":"https:\/\/www.toletum-network.com\/es\/wp-json\/wp\/v2\/tags?post=666"}],"curies":[{"name":"wp","href":"https:\/\/api.w.org\/{rel}","templated":true}]}}