{"id":20111,"date":"2026-04-27T08:18:03","date_gmt":"2026-04-27T06:18:03","guid":{"rendered":"https:\/\/www.toletum-network.com\/?p=20111"},"modified":"2026-04-27T08:17:46","modified_gmt":"2026-04-27T06:17:46","slug":"cfp-xxiii-internationaler-kongress-ueber-antike-bronzen-iconcab-merida-11-2026","status":"publish","type":"post","link":"https:\/\/www.toletum-network.com\/es\/2026\/04\/cfp-xxiii-internationaler-kongress-ueber-antike-bronzen-iconcab-merida-11-2026\/","title":{"rendered":"CFP: XXIII Congreso Internacional sobre Bronces Antiguos (IConCAB) &#8211; M\u00e9rida, 11\/2026"},"content":{"rendered":"<p><img loading=\"lazy\" decoding=\"async\" class=\"alignleft size-large wp-image-20118\" src=\"http:\/\/www.toletum-network.com\/wp-content\/uploads\/2026\/04\/MNAR-1024x469.jpg\" alt=\"\" width=\"840\" height=\"385\" srcset=\"https:\/\/www.toletum-network.com\/wp-content\/uploads\/2026\/04\/MNAR-1024x469.jpg 1024w, https:\/\/www.toletum-network.com\/wp-content\/uploads\/2026\/04\/MNAR-300x137.jpg 300w, https:\/\/www.toletum-network.com\/wp-content\/uploads\/2026\/04\/MNAR-768x352.jpg 768w, https:\/\/www.toletum-network.com\/wp-content\/uploads\/2026\/04\/MNAR.jpg 1129w\" sizes=\"auto, (max-width: 709px) 85vw, (max-width: 909px) 67vw, (max-width: 1362px) 62vw, 840px\" \/><\/p>\n<p>Recuperaci\u00f3n, conservaci\u00f3n y exposici\u00f3n de los bronces &#8211; Recuperaci\u00f3n, conservaci\u00f3n y exposici\u00f3n de los bronces &#8211; Recuperaci\u00f3n, conservaci\u00f3n y exposici\u00f3n de los bronces<\/p>\n<p><strong>Congreso internacional. De la introducci\u00f3n por parte de los organizadores: <\/strong><em>\u00abEl XXIII IconAB tiene como objetivos principales: &#8211; Analizar los avances recientes en el estudio de los bronces antiguos desde perspectivas arqueol\u00f3gicas, hist\u00f3ricas y arqueom\u00e9tricas. &#8211; Debatir los retos actuales en la conservaci\u00f3n y restauraci\u00f3n del bronce. &#8211; Reflexionar sobre las estrategias de exposici\u00f3n y comunicaci\u00f3n museogr\u00e1fica de los bronces antiguos. &#8211; Favorecer el intercambio cient\u00edfico y la creaci\u00f3n de redes internacionales de investigaci\u00f3n.<br \/>\nEl congreso est\u00e1 dirigido prioritariamente a especialistas en el estudio, conservaci\u00f3n y exposici\u00f3n de los bronces antiguos, incluyendo investigadores, arque\u00f3logos, conservadores, restauradores y comisarios de exposiciones. No obstante, tambi\u00e9n est\u00e1 abierto a otros profesionales, acad\u00e9micos, estudiantes e interesados en el amplio campo de los bronces antiguos.<\/em><em>\u00bb<\/em><\/p>\n<p><strong>Bloques tem\u00e1ticos:<\/strong><br \/>\n<strong>\u2013 <\/strong>Bronce griego y helen\u00edstico<br \/>\n<strong>\u2013 <\/strong>Bronce prerromano<br \/>\n<strong>\u2013 <\/strong>Grandes descubrimientos<br \/>\n<strong>\u2013 <\/strong>Estatuas romanas de bronce<br \/>\n<strong>\u2013 <\/strong>Recipientes de bronce. Mobiliario dom\u00e9stico<br \/>\n<strong>\u2013 <\/strong>Estatuillas de bronce<br \/>\n<strong>\u2013 <\/strong>Objetos votivos<br \/>\n<strong>\u2013 <\/strong>Conservaci\u00f3n, problemas e intervenci\u00f3n<br \/>\n<strong>\u2013 <\/strong>De la excavaci\u00f3n al museo: almacenamiento y exposici\u00f3n<br \/>\n<strong>\u2013 <\/strong>Expolios<br \/>\n<strong>\u2013 <\/strong>Falsificaciones<br \/>\n<strong>\u2013 <\/strong>Varia<\/p>\n<p><strong><span class=\"x193iq5w xeuugli x13faqbe x1vvkbs x1xmvt09 x1lliihq x1s928wv xhkezso x1gmr53x x1cpjm7i x1fgarty x1943h6x xudqn12 x3x7a5m x6prxxf xvq8zen xo1l8bm xzsf02u x1yc453h\" dir=\"auto\">del 25 al 28 de noviembre <\/span>de 2026<\/strong><\/p>\n<p><strong>Organisaci\u00f3n: <\/strong>Museo Nacional de Arte Romano \/ Ministerio de Cultura (Espa\u00f1a) &#8211; Trinidad Nogales Basarrate\u00a0<strong><br \/>\n<\/strong><strong>Lugar:<\/strong> <span class=\"x193iq5w xeuugli x13faqbe x1vvkbs x1xmvt09 x1lliihq x1s928wv xhkezso x1gmr53x x1cpjm7i x1fgarty x1943h6x xudqn12 x3x7a5m x6prxxf xvq8zen xo1l8bm xzsf02u x1yc453h\" dir=\"auto\">Museo Nacional de Arte Romano (MNAR) en M\u00e9rida (Espa\u00f1a<\/span>)<\/p>\n<p><strong>\u00a1OjO! Hasta el 30 de abril de 2026 se pueden mandar solicitudes a <span class=\"x193iq5w xeuugli x13faqbe x1vvkbs x1xmvt09 x1lliihq x1s928wv xhkezso x1gmr53x x1cpjm7i x1fgarty x1943h6x xudqn12 x3x7a5m x6prxxf xvq8zen xo1l8bm xzsf02u x1yc453h\" dir=\"auto\">congressbronzes2026.mnar@gmail.com<\/span><\/strong>; se tendr\u00e1 que adjuntar un resumen de su contenido de 400 palabras como m\u00e1ximo.<br \/>\n<strong>Para m\u00e1s informaci\u00f3n: <a href=\"https:\/\/www.cultura.gob.es\/mnromano\/actividades\/cursos-conferencias\/seminarios-y-encuentros\/2026-iconab.html\">&#8230;<\/a><\/strong><a href=\"https:\/\/www.cultura.gob.es\/mnromano\/actividades\/cursos-conferencias\/seminarios-y-encuentros\/2026-iconab.html\">www.cultura.gob.es\/mnromano\/actividades..<\/a>.<\/p>","protected":false},"excerpt":{"rendered":"<p>Recuperaci\u00f3n, conservaci\u00f3n y exposici\u00f3n de los bronces &#8211; Recuperaci\u00f3n, conservaci\u00f3n y exposici\u00f3n de los bronces &#8211; Recuperaci\u00f3n, conservaci\u00f3n y exposici\u00f3n de los bronces Congreso internacional. De la introducci\u00f3n por parte de los organizadores: \u00abEl XXIII IconAB tiene como objetivos principales: &#8211; Analizar los avances recientes en el estudio de los bronces antiguos desde perspectivas arqueol\u00f3gicas, &hellip; <a href=\"https:\/\/www.toletum-network.com\/es\/2026\/04\/cfp-xxiii-internationaler-kongress-ueber-antike-bronzen-iconcab-merida-11-2026\/\" class=\"more-link\">Continuar leyendo<span class=\"screen-reader-text\"> \u00abCFP: XXIII Congreso Internacional sobre Bronces Antiguos (IConCAB) &#8211; M\u00e9rida, 11\/2026\u00bb<\/span><\/a><\/p>\n","protected":false},"author":8,"featured_media":0,"comment_status":"closed","ping_status":"closed","sticky":false,"template":"","format":"standard","meta":{"jetpack_post_was_ever_published":false,"_jetpack_newsletter_access":"","_jetpack_dont_email_post_to_subs":false,"_jetpack_newsletter_tier_id":0,"_jetpack_memberships_contains_paywalled_content":false,"_jetpack_memberships_contains_paid_content":false,"footnotes":"","jetpack_publicize_message":"","jetpack_publicize_feature_enabled":true,"jetpack_social_post_already_shared":true,"jetpack_social_options":{"image_generator_settings":{"template":"highway","default_image_id":0,"font":"","enabled":false},"version":2}},"categories":[7],"tags":[],"class_list":["post-20111","post","type-post","status-publish","format-standard","hentry","category-veranstaltungen"],"jetpack_publicize_connections":[],"jetpack_featured_media_url":"","jetpack_sharing_enabled":true,"jetpack_shortlink":"https:\/\/wp.me\/p82TDz-5en","_links":{"self":[{"href":"https:\/\/www.toletum-network.com\/es\/wp-json\/wp\/v2\/posts\/20111","targetHints":{"allow":["GET"]}}],"collection":[{"href":"https:\/\/www.toletum-network.com\/es\/wp-json\/wp\/v2\/posts"}],"about":[{"href":"https:\/\/www.toletum-network.com\/es\/wp-json\/wp\/v2\/types\/post"}],"author":[{"embeddable":true,"href":"https:\/\/www.toletum-network.com\/es\/wp-json\/wp\/v2\/users\/8"}],"replies":[{"embeddable":true,"href":"https:\/\/www.toletum-network.com\/es\/wp-json\/wp\/v2\/comments?post=20111"}],"version-history":[{"count":11,"href":"https:\/\/www.toletum-network.com\/es\/wp-json\/wp\/v2\/posts\/20111\/revisions"}],"predecessor-version":[{"id":20124,"href":"https:\/\/www.toletum-network.com\/es\/wp-json\/wp\/v2\/posts\/20111\/revisions\/20124"}],"wp:attachment":[{"href":"https:\/\/www.toletum-network.com\/es\/wp-json\/wp\/v2\/media?parent=20111"}],"wp:term":[{"taxonomy":"category","embeddable":true,"href":"https:\/\/www.toletum-network.com\/es\/wp-json\/wp\/v2\/categories?post=20111"},{"taxonomy":"post_tag","embeddable":true,"href":"https:\/\/www.toletum-network.com\/es\/wp-json\/wp\/v2\/tags?post=20111"}],"curies":[{"name":"wp","href":"https:\/\/api.w.org\/{rel}","templated":true}]}}