{"id":16687,"date":"2022-10-10T08:00:39","date_gmt":"2022-10-10T06:00:39","guid":{"rendered":"https:\/\/www.toletum-network.com\/?p=16687"},"modified":"2022-10-05T22:13:40","modified_gmt":"2022-10-05T20:13:40","slug":"contestania-iberica-revised-alicante-10-2022","status":"publish","type":"post","link":"https:\/\/www.toletum-network.com\/es\/2022\/10\/contestania-iberica-revised-alicante-10-2022\/","title":{"rendered":"\u201cContestania Ib\u00e9rica\u201d revisitada &#8211; Alicante 10\/2022"},"content":{"rendered":"<p><img loading=\"lazy\" decoding=\"async\" class=\"alignleft size-full wp-image-16701\" src=\"http:\/\/www.toletum-network.com\/wp-content\/uploads\/2022\/10\/contestania-iberica-revisitada.jpg\" alt=\"\" width=\"840\" height=\"403\" srcset=\"https:\/\/www.toletum-network.com\/wp-content\/uploads\/2022\/10\/contestania-iberica-revisitada.jpg 840w, https:\/\/www.toletum-network.com\/wp-content\/uploads\/2022\/10\/contestania-iberica-revisitada-300x144.jpg 300w, https:\/\/www.toletum-network.com\/wp-content\/uploads\/2022\/10\/contestania-iberica-revisitada-768x368.jpg 768w\" sizes=\"auto, (max-width: 709px) 85vw, (max-width: 909px) 67vw, (max-width: 1362px) 62vw, 840px\" \/><\/p>\n<p><strong>Jornadas cient\u00edficas. De la introducci\u00f3n por parte de los organizadores: <\/strong><em>\u00ab<strong>Este a\u00f1o se cumple el quincuag\u00e9simo aniversario de la publicaci\u00f3n del libro \u201cContestania Ib\u00e9rica\u201d del Dr. Enrique Llobregat Conesa, fruto de su Tesis Doctoral, una obra que supuso un hito en la investigaci\u00f3n arqueol\u00f3gica espa\u00f1ola al interrelacionar los datos hist\u00f3ricos y materiales disponibles sobre un pueblo protohist\u00f3rico, abordando desde un planteamiento interno la interpretaci\u00f3n cultural de la regio Contestana.<\/strong> Proporcion\u00f3 por tanto un enfoque novedoso que fue asumido en otros espacios geogr\u00e1ficos, abriendo l\u00edneas de investigaci\u00f3n muy fruct\u00edferas que llegan hasta hoy en d\u00eda.<span class=\"Apple-converted-space\"><br \/>\n<\/span><strong>Bajo estos presupuestos la Universidad de Alicante y la Diputaci\u00f3n de Alicante a trav\u00e9s del MARQ Museo Arqueol\u00f3gico de Alicante proponen la celebraci\u00f3n de aquel alumbramiento intelectual con unas jornadas que aborden el estado actual de los estudios sobre el mundo ib\u00e9rico contestano, las novedades y perspectivas de futuro.<\/strong> Un itinerario jalonado de importantes trabajos que ya dispuso de una notable atalaya para contemplar los avances conseguidos como fue el trig\u00e9simo aniversario organizado por la Universidad de Alicante. Pero desde entonces se han acumulado sorpresas, nuevas interpretaciones y propuestas que creemos han de ser expuestas en un foro cient\u00edfico como el que presentamos<\/em>.\u00bb<\/p>\n<p>Con ponencias (entre otras) de<br \/>\n\u2013 <strong>Lorenzo Abad Casal<\/strong> (Universidad de Alicante), <em>Qu\u00e9 supuso la Contestania ib\u00e9rica en la investigaci\u00f3n y cu\u00e1l es el concepto de Contestania<\/em><br \/>\n\u2013 <strong>Teresa Chapa Brunet<\/strong> (Universidad Complutense de Madrid), <em>Novedades en la escultura contestana<br \/>\n<\/em>\u2013 <strong>Joan Ferr\u00e9r i Jan\u00e9<\/strong> (Universitat de Barcelona), <em>Constestania ib\u00e9rica: lengua y epigraf\u00eda<\/em><br \/>\n\u2013 <strong>Fernando Prados Mart\u00ednez<\/strong> (<span class=\"js-profile-more-affiliations u-clickable\" title=\"\" data-original-title=\"\">Universidad de Alicante<\/span>), <em>Hechos mandan y no teorias&#8230; una Contestania tambi\u00e9n p\u00fanica<\/em><br \/>\n\u2013 <strong>Joan Ram\u00f3n Torres<\/strong> (Patrimoni Hist\u00f2ric del Consell Insular d&#8217;Eivissa), <em>Las relaciones con Ibiza en la protohistoria valenciana, de Enric Llobregat, 50 a\u00f1os despu\u00e9s<br \/>\n<\/em><\/p>\n<p><strong>del 25 al 26 de octobre de 2022<\/strong><\/p>\n<p><strong>Organisaci\u00f3n: <\/strong>Lorenzo Abad (UA), Antonio Guilabert (MARQ), Manuel Olcina (MARQ) y Feliciana Sala (UA)<br \/>\n<strong>Lugar: <\/strong>MARQ \u2013 Museo Arqueol\u00f3gico Alicante, Plaza Dr. G\u00f3mez Ulla, s\/n, 03013 Alicante<br \/>\n<strong>Programa: <\/strong><a href=\"https:\/\/reunionescientificas.marqalicante.com\/contestania-iberica-revisitada\/\">&#8230;reunionescientificas.marqalicante.com&#8230;<\/a><\/p>","protected":false},"excerpt":{"rendered":"<p>Jornadas cient\u00edficas. De la introducci\u00f3n por parte de los organizadores: \u00abEste a\u00f1o se cumple el quincuag\u00e9simo aniversario de la publicaci\u00f3n del libro \u201cContestania Ib\u00e9rica\u201d del Dr. Enrique Llobregat Conesa, fruto de su Tesis Doctoral, una obra que supuso un hito en la investigaci\u00f3n arqueol\u00f3gica espa\u00f1ola al interrelacionar los datos hist\u00f3ricos y materiales disponibles sobre un &hellip; <a href=\"https:\/\/www.toletum-network.com\/es\/2022\/10\/contestania-iberica-revised-alicante-10-2022\/\" class=\"more-link\">Continuar leyendo<span class=\"screen-reader-text\"> \u00ab\u201cContestania Ib\u00e9rica\u201d revisitada &#8211; Alicante 10\/2022\u00bb<\/span><\/a><\/p>\n","protected":false},"author":8,"featured_media":0,"comment_status":"closed","ping_status":"closed","sticky":false,"template":"","format":"standard","meta":{"jetpack_post_was_ever_published":false,"_jetpack_newsletter_access":"","_jetpack_dont_email_post_to_subs":false,"_jetpack_newsletter_tier_id":0,"_jetpack_memberships_contains_paywalled_content":false,"_jetpack_memberships_contains_paid_content":false,"footnotes":"","jetpack_publicize_message":"","jetpack_publicize_feature_enabled":true,"jetpack_social_post_already_shared":true,"jetpack_social_options":{"image_generator_settings":{"template":"highway","default_image_id":0,"font":"","enabled":false},"version":2}},"categories":[7],"tags":[],"class_list":["post-16687","post","type-post","status-publish","format-standard","hentry","category-veranstaltungen"],"jetpack_publicize_connections":[],"jetpack_featured_media_url":"","jetpack_sharing_enabled":true,"jetpack_shortlink":"https:\/\/wp.me\/p82TDz-4l9","_links":{"self":[{"href":"https:\/\/www.toletum-network.com\/es\/wp-json\/wp\/v2\/posts\/16687","targetHints":{"allow":["GET"]}}],"collection":[{"href":"https:\/\/www.toletum-network.com\/es\/wp-json\/wp\/v2\/posts"}],"about":[{"href":"https:\/\/www.toletum-network.com\/es\/wp-json\/wp\/v2\/types\/post"}],"author":[{"embeddable":true,"href":"https:\/\/www.toletum-network.com\/es\/wp-json\/wp\/v2\/users\/8"}],"replies":[{"embeddable":true,"href":"https:\/\/www.toletum-network.com\/es\/wp-json\/wp\/v2\/comments?post=16687"}],"version-history":[{"count":14,"href":"https:\/\/www.toletum-network.com\/es\/wp-json\/wp\/v2\/posts\/16687\/revisions"}],"predecessor-version":[{"id":16840,"href":"https:\/\/www.toletum-network.com\/es\/wp-json\/wp\/v2\/posts\/16687\/revisions\/16840"}],"wp:attachment":[{"href":"https:\/\/www.toletum-network.com\/es\/wp-json\/wp\/v2\/media?parent=16687"}],"wp:term":[{"taxonomy":"category","embeddable":true,"href":"https:\/\/www.toletum-network.com\/es\/wp-json\/wp\/v2\/categories?post=16687"},{"taxonomy":"post_tag","embeddable":true,"href":"https:\/\/www.toletum-network.com\/es\/wp-json\/wp\/v2\/tags?post=16687"}],"curies":[{"name":"wp","href":"https:\/\/api.w.org\/{rel}","templated":true}]}}