{"id":12849,"date":"2019-07-29T08:00:25","date_gmt":"2019-07-29T06:00:25","guid":{"rendered":"http:\/\/www.toletum-network.com\/?p=12849"},"modified":"2019-07-28T10:56:23","modified_gmt":"2019-07-28T08:56:23","slug":"kontinuitaet-wandel-transformation-nekropolen-auf-der-iberischen-halbinsel-zwischen-republik-und-long-late-antiquity","status":"publish","type":"post","link":"https:\/\/www.toletum-network.com\/es\/2019\/07\/kontinuitaet-wandel-transformation-nekropolen-auf-der-iberischen-halbinsel-zwischen-republik-und-long-late-antiquity\/","title":{"rendered":"\u00bfContinuidad, cambio, transformaci\u00f3n? Necr\u00f3polis en la Pen\u00ednsula Ib\u00e9rica entre la Rep\u00fablica y la &#8216;long Late Antiquity'"},"content":{"rendered":"<p><\/p>\n<div class=\"entry-content\">\n<p><strong>TOLETUM invita a participar en su d\u00e9cimo taller que este a\u00f1o tendr\u00e1 lugar del 24 al 26 de octubre de 2019 <\/strong>en la Casa Warburg de Hamburgo.<\/p>\n<p>La meta del coloquio internacional es analizar es analizar<strong> las necr\u00f3polis de <img loading=\"lazy\" decoding=\"async\" class=\"alignright wp-image-13214 size-medium\" src=\"http:\/\/www.toletum-network.com\/wp-content\/uploads\/2019\/07\/Hispania-Antiqua-1978-Taf.-25b-TARR-fr\u00fchchristl.-Nekropole-Der-Tote-u.-Angeh\u00f6rige-151x300.jpg\" alt=\"\" width=\"151\" height=\"300\" srcset=\"https:\/\/www.toletum-network.com\/wp-content\/uploads\/2019\/07\/Hispania-Antiqua-1978-Taf.-25b-TARR-fr\u00fchchristl.-Nekropole-Der-Tote-u.-Angeh\u00f6rige-151x300.jpg 151w, https:\/\/www.toletum-network.com\/wp-content\/uploads\/2019\/07\/Hispania-Antiqua-1978-Taf.-25b-TARR-fr\u00fchchristl.-Nekropole-Der-Tote-u.-Angeh\u00f6rige-516x1024.jpg 516w, https:\/\/www.toletum-network.com\/wp-content\/uploads\/2019\/07\/Hispania-Antiqua-1978-Taf.-25b-TARR-fr\u00fchchristl.-Nekropole-Der-Tote-u.-Angeh\u00f6rige.jpg 736w\" sizes=\"auto, (max-width: 151px) 85vw, 151px\" \/>la Pen\u00ednsula Ib\u00e9rica entre la Rep\u00fablica y la &#8216;long Late Antiquity&#8217; con mirada puesta en la continuidad y el cambio, concretamente incluyendo la evidencia material y epigr\u00e1fica<\/strong>. Organizado <strong>en cuatro secciones<\/strong>, se pretende estudiar -tomando como base de partida los hallazgos y descubrimientos recientes- casos de estudios tanto de procedencia fenicio-p\u00fanica y (celt)\u00edbera, romana y tardoantigua como visigoda y omeya. <strong>Este enfoque interdisciplinar y trans\u00e9pocal hace posible entender las necr\u00f3polis como reflejo de un proceso de cambio cultural al que las etnias de la Pen\u00ednsula Ib\u00e9rica se habr\u00edan visto expuestas desde la presencia fenicio-p\u00fanica.<\/strong> Con ponencias (entre otras) de<\/p>\n<p><strong>Henner von Hesberg <\/strong>(Universit\u00e4t zu K\u00f6ln), <em>Inwieweit bilden Nekropolen die soziale Struktur einer Stadt in ihrer Kontinuit\u00e4t und ihrem Wandel ab?<\/em><strong><em><br \/>\n<\/em>Fernando Prados Mart\u00ednez <\/strong>(Universidad de Alicante), <em>Las necr\u00f3polis del \u00e1rea de Baelo (Tarifa, C\u00e1diz). Entre tradici\u00f3n <\/em><em>p\u00fanico-mauritana y romanidad<\/em><strong><br \/>\nDesiderio Vaquerizo Gil <\/strong>(Universidad de C\u00f3rdoba), <em>Topograf\u00eda y parcelaciones funerarias en la Colonia Patricia de inicios del Imperio<\/em><\/p>\n<p><strong><img loading=\"lazy\" decoding=\"async\" class=\"alignleft wp-image-13215 size-medium\" src=\"http:\/\/www.toletum-network.com\/wp-content\/uploads\/2019\/07\/Inschrift-287x300.jpg\" alt=\"\" width=\"287\" height=\"300\" srcset=\"https:\/\/www.toletum-network.com\/wp-content\/uploads\/2019\/07\/Inschrift-287x300.jpg 287w, https:\/\/www.toletum-network.com\/wp-content\/uploads\/2019\/07\/Inschrift.jpg 745w\" sizes=\"auto, (max-width: 287px) 85vw, 287px\" \/>Achim Arbeiter <\/strong>(Georg-August-Universit\u00e4t G\u00f6ttingen), <em>Bestattung und Kommemoration im fr\u00fchchristlichen Hispanien. <\/em><em>Inschriftliche, ikonographische und materielle Aspekte<\/em><strong><em><br \/>\n<\/em>I\u00f1aki Mart\u00edn Viso <\/strong>(Universidad de Salamanca), <em>Espacios funerarios y paisajes sociales en el centro peninsular (siglos V-VII)<\/em><strong><br \/>\nJavier Arce <\/strong>(Universit\u00e9 Charles de Gaulle-Lille 3), <em>Las tumbas de los reyes visigodos: un problema hist\u00f3rico<\/em><\/p>\n<p><strong>M\u00e1s informaci\u00f3n pr\u00f3ximamente aqu\u00ed; participantes est\u00e1n m\u00e1s que cordialmente bienvenidos.<\/strong><\/p>\n<\/div>\n<p><\/p>","protected":false},"excerpt":{"rendered":"<p>TOLETUM invita a participar en su d\u00e9cimo taller que este a\u00f1o tendr\u00e1 lugar del 24 al 26 de octubre de 2019 en la Casa Warburg de Hamburgo. La meta del coloquio internacional es analizar es analizar las necr\u00f3polis de la Pen\u00ednsula Ib\u00e9rica entre la Rep\u00fablica y la &#8216;long Late Antiquity&#8217; con mirada puesta en la &hellip; <a href=\"https:\/\/www.toletum-network.com\/es\/2019\/07\/kontinuitaet-wandel-transformation-nekropolen-auf-der-iberischen-halbinsel-zwischen-republik-und-long-late-antiquity\/\" class=\"more-link\">Continuar leyendo<span class=\"screen-reader-text\"> \u00ab\u00bfContinuidad, cambio, transformaci\u00f3n? Necr\u00f3polis en la Pen\u00ednsula Ib\u00e9rica entre la Rep\u00fablica y la &#8216;long Late Antiquity'\u00bb<\/span><\/a><\/p>\n","protected":false},"author":8,"featured_media":0,"comment_status":"closed","ping_status":"closed","sticky":false,"template":"","format":"standard","meta":{"jetpack_post_was_ever_published":false,"_jetpack_newsletter_access":"","_jetpack_dont_email_post_to_subs":false,"_jetpack_newsletter_tier_id":0,"_jetpack_memberships_contains_paywalled_content":false,"_jetpack_memberships_contains_paid_content":false,"footnotes":"","jetpack_publicize_message":"","jetpack_publicize_feature_enabled":true,"jetpack_social_post_already_shared":true,"jetpack_social_options":{"image_generator_settings":{"template":"highway","default_image_id":0,"font":"","enabled":false},"version":2}},"categories":[15],"tags":[],"class_list":["post-12849","post","type-post","status-publish","format-standard","hentry","category-workshop"],"jetpack_publicize_connections":[],"jetpack_featured_media_url":"","jetpack_sharing_enabled":true,"jetpack_shortlink":"https:\/\/wp.me\/p82TDz-3lf","_links":{"self":[{"href":"https:\/\/www.toletum-network.com\/es\/wp-json\/wp\/v2\/posts\/12849","targetHints":{"allow":["GET"]}}],"collection":[{"href":"https:\/\/www.toletum-network.com\/es\/wp-json\/wp\/v2\/posts"}],"about":[{"href":"https:\/\/www.toletum-network.com\/es\/wp-json\/wp\/v2\/types\/post"}],"author":[{"embeddable":true,"href":"https:\/\/www.toletum-network.com\/es\/wp-json\/wp\/v2\/users\/8"}],"replies":[{"embeddable":true,"href":"https:\/\/www.toletum-network.com\/es\/wp-json\/wp\/v2\/comments?post=12849"}],"version-history":[{"count":19,"href":"https:\/\/www.toletum-network.com\/es\/wp-json\/wp\/v2\/posts\/12849\/revisions"}],"predecessor-version":[{"id":13285,"href":"https:\/\/www.toletum-network.com\/es\/wp-json\/wp\/v2\/posts\/12849\/revisions\/13285"}],"wp:attachment":[{"href":"https:\/\/www.toletum-network.com\/es\/wp-json\/wp\/v2\/media?parent=12849"}],"wp:term":[{"taxonomy":"category","embeddable":true,"href":"https:\/\/www.toletum-network.com\/es\/wp-json\/wp\/v2\/categories?post=12849"},{"taxonomy":"post_tag","embeddable":true,"href":"https:\/\/www.toletum-network.com\/es\/wp-json\/wp\/v2\/tags?post=12849"}],"curies":[{"name":"wp","href":"https:\/\/api.w.org\/{rel}","templated":true}]}}