{"id":9602,"date":"2016-10-17T08:00:38","date_gmt":"2016-10-17T07:00:38","guid":{"rendered":"http:\/\/www.toletum-network.com\/?p=9602"},"modified":"2016-10-22T20:27:57","modified_gmt":"2016-10-22T19:27:57","slug":"in-roma-nata-per-italiam-fusa-in-provincias-manat-la-ciudad-romana-en-el-noroeste-nuevas-perspectivas","status":"publish","type":"post","link":"http:\/\/www.toletum-network.com\/es\/2016\/10\/in-roma-nata-per-italiam-fusa-in-provincias-manat-la-ciudad-romana-en-el-noroeste-nuevas-perspectivas\/","title":{"rendered":"\u00abIn Roma nata, per Italiam fusa, in provincias manat\u00bb. La ciudad romana en el noroeste: nuevas perspectivas"},"content":{"rendered":"<p><strong>Internationales Kolloquium.<\/strong> Aus dem Ank\u00fcndigungstext der Veranstalter: <em>\u201cO mundo romano orix\u00ednase a partir dunha cidade -a Urbs por excelencia- e a partir de a\u00ed, nun longo proceso secular (&#8230;) cr\u00e9ase un Estado territorialmente amplo no que as cidades son o elemento estructural esencial.<\/em><\/p>\n<p><img loading=\"lazy\" decoding=\"async\" class=\"alignleft size-medium wp-image-9606\" src=\"http:\/\/www.toletum-network.com\/wp-content\/uploads\/2016\/10\/CARTEL_Coloquio_mini-221x300.jpg\" alt=\"cartel_coloquio_mini\" width=\"221\" height=\"300\" srcset=\"http:\/\/www.toletum-network.com\/wp-content\/uploads\/2016\/10\/CARTEL_Coloquio_mini-221x300.jpg 221w, http:\/\/www.toletum-network.com\/wp-content\/uploads\/2016\/10\/CARTEL_Coloquio_mini.jpg 225w\" sizes=\"auto, (max-width: 221px) 85vw, 221px\" \/><em><strong>Ning\u00fan romano poder\u00eda concebir un imperio sen elas, as\u00ed que tras a conquista do Noroeste peninsular, en donde ata ent\u00f3n non exist\u00edan, unha das primeiras medidas do Estado \u00e9 a fundaci\u00f3n de duas, Lucus Augusti e Bracara Augusta.<\/strong> Neste Coloquio centrar\u00e9monos especialmente no urbanismo, as infraestructuras e a paisaxe de Lucus e Bracara. Queremos facelo desde diferentes perspectivas, ampliando a nosa visi\u00f3n de forma multidisciplinar e de esta maneira procederemos a reunir a xe\u00f3grafos, enxe\u00f1eiros, arquitectos, bot\u00e1nicos, arque\u00f3logos e historiadores. (&#8230;).\u201d<\/em><\/p>\n<p>Mit Beitr\u00e4gen u.a. von<br \/>\n&#8211; <strong>X. Lafon<\/strong> (IRAA, USR 3155 Aix-Marseille Universit\u00e9 &#8211; CNRS), <em>Existe-t-il un mod\u00e8le de la ville romaine \u00e0 l&#8217;\u00e9poque august\u00e9enne en Occident?<\/em><br \/>\n&#8211; <strong>Th. Schattner<\/strong> (DAI Madrid), <em>Os elementos ideol\u00f3xicos: Munigua e os seus santuarios<\/em><br \/>\n&#8211; <strong>V. Revilla<\/strong> (Universidad de Barcelona), <em>Cidade, territorio, econom\u00edas locais: casos de estudo na Citerior nororiental<\/em><br \/>\n&#8211; <strong>M. Martins<\/strong> (Universidade do Minho), <em>A topograf\u00eda e o urbanismo da cidad<\/em><br \/>\n&#8211; <strong>M. L\u00f3pez Guitar<\/strong> (GAU Arquitectura y urbanismo), <em>O espazo urbano<\/em><\/p>\n<p><strong>24. bis 25. Oktober 2016<\/strong><\/p>\n<p>Organisation: M\u00aa Dolores Dopico Ca\u00ednzos (Profa. Titular de H\u00aa Antiga, Facultade de Humanidades, Campus de Lugo); Manuel Villanueva Acu\u00f1a (Prof. Titular de H\u00aa Antiga, Facultade de Xeograf\u00eda e Historia, Santiago de Compostela).<br \/>\nVerstaltungsort: Facultade de Humanidades da USC, Campus de Lugo; Casa do Saber.<br \/>\nProgramm:\u00a0<a href=\"http:\/\/www.toletum-network.com\/wp-content\/uploads\/2016\/10\/in-Roma-nata-10.2016.pdf\">in Roma nata 10.2016<\/a> (pdf)<\/p>\n","protected":false},"excerpt":{"rendered":"<p>Internationales Kolloquium. Aus dem Ank\u00fcndigungstext der Veranstalter: \u201cO mundo romano orix\u00ednase a partir dunha cidade -a Urbs por excelencia- e a partir de a\u00ed, nun longo proceso secular (&#8230;) cr\u00e9ase un Estado territorialmente amplo no que as cidades son o elemento estructural esencial. Ning\u00fan romano poder\u00eda concebir un imperio sen elas, as\u00ed que tras a &hellip; <a href=\"http:\/\/www.toletum-network.com\/es\/2016\/10\/in-roma-nata-per-italiam-fusa-in-provincias-manat-la-ciudad-romana-en-el-noroeste-nuevas-perspectivas\/\" class=\"more-link\">Continuar leyendo<span class=\"screen-reader-text\"> \u00ab\u00abIn Roma nata, per Italiam fusa, in provincias manat\u00bb. La ciudad romana en el noroeste: nuevas perspectivas\u00bb<\/span><\/a><\/p>\n","protected":false},"author":8,"featured_media":0,"comment_status":"closed","ping_status":"closed","sticky":false,"template":"","format":"standard","meta":{"jetpack_post_was_ever_published":false,"_jetpack_newsletter_access":"","_jetpack_dont_email_post_to_subs":true,"_jetpack_newsletter_tier_id":0,"_jetpack_memberships_contains_paywalled_content":false,"_jetpack_memberships_contains_paid_content":false,"footnotes":"","jetpack_publicize_message":"","jetpack_publicize_feature_enabled":true,"jetpack_social_post_already_shared":true,"jetpack_social_options":{"image_generator_settings":{"template":"highway","default_image_id":0,"font":"","enabled":false},"version":2}},"categories":[7],"tags":[],"class_list":["post-9602","post","type-post","status-publish","format-standard","hentry","category-veranstaltungen"],"jetpack_publicize_connections":[],"jetpack_featured_media_url":"","jetpack_sharing_enabled":true,"jetpack_shortlink":"https:\/\/wp.me\/p82TDz-2uS","_links":{"self":[{"href":"http:\/\/www.toletum-network.com\/es\/wp-json\/wp\/v2\/posts\/9602","targetHints":{"allow":["GET"]}}],"collection":[{"href":"http:\/\/www.toletum-network.com\/es\/wp-json\/wp\/v2\/posts"}],"about":[{"href":"http:\/\/www.toletum-network.com\/es\/wp-json\/wp\/v2\/types\/post"}],"author":[{"embeddable":true,"href":"http:\/\/www.toletum-network.com\/es\/wp-json\/wp\/v2\/users\/8"}],"replies":[{"embeddable":true,"href":"http:\/\/www.toletum-network.com\/es\/wp-json\/wp\/v2\/comments?post=9602"}],"version-history":[{"count":6,"href":"http:\/\/www.toletum-network.com\/es\/wp-json\/wp\/v2\/posts\/9602\/revisions"}],"predecessor-version":[{"id":9610,"href":"http:\/\/www.toletum-network.com\/es\/wp-json\/wp\/v2\/posts\/9602\/revisions\/9610"}],"wp:attachment":[{"href":"http:\/\/www.toletum-network.com\/es\/wp-json\/wp\/v2\/media?parent=9602"}],"wp:term":[{"taxonomy":"category","embeddable":true,"href":"http:\/\/www.toletum-network.com\/es\/wp-json\/wp\/v2\/categories?post=9602"},{"taxonomy":"post_tag","embeddable":true,"href":"http:\/\/www.toletum-network.com\/es\/wp-json\/wp\/v2\/tags?post=9602"}],"curies":[{"name":"wp","href":"https:\/\/api.w.org\/{rel}","templated":true}]}}