{"id":5189,"date":"2016-04-18T08:00:26","date_gmt":"2016-04-18T07:00:26","guid":{"rendered":"http:\/\/www.toletum-network.com\/blog\/?p=5189"},"modified":"2016-10-05T09:59:49","modified_gmt":"2016-10-05T08:59:49","slug":"cultura-material-romana-en-la-hispania-republicana-contextos-privilegiados-y-estado-de-la-cuestion","status":"publish","type":"post","link":"http:\/\/www.toletum-network.com\/es\/2016\/04\/cultura-material-romana-en-la-hispania-republicana-contextos-privilegiados-y-estado-de-la-cuestion\/","title":{"rendered":"Cultura material romana en la Hispania republicana. Contextos privilegiados y estado de la cuesti\u00f3n"},"content":{"rendered":"<p><a href=\"http:\/\/www.toletum-network.com\/wp-content\/uploads\/2015\/12\/Hispania-republicana-04.2016.jpg\" rel=\"attachment wp-att-5191\"><img loading=\"lazy\" decoding=\"async\" class=\"alignleft size-medium wp-image-5191\" src=\"http:\/\/www.toletum-network.com\/wp-content\/uploads\/2015\/12\/Hispania-republicana-04.2016-217x300.jpg\" alt=\"Hispania republicana 04.2016\" width=\"217\" height=\"300\" srcset=\"http:\/\/www.toletum-network.com\/wp-content\/uploads\/2015\/12\/Hispania-republicana-04.2016-217x300.jpg 217w, http:\/\/www.toletum-network.com\/wp-content\/uploads\/2015\/12\/Hispania-republicana-04.2016.jpg 642w\" sizes=\"auto, (max-width: 217px) 85vw, 217px\" \/><\/a>Mit Beitr\u00e4gen u.a. von<\/p>\n<p>&#8211; <strong>Elena Ruiz Valderas<\/strong> (Museo del Teatro Romano de Cartagena), <em>Contextos materiales del asalto a Carthago Nova (209 a.C.)<br \/>\n<\/em><strong>&#8211; Miguel Beltr\u00e1n Lloris<\/strong> (Museo de Zaragoza), <em>Cultura material romana repulicana de Azaila<br \/>\n<\/em><strong>&#8211; Jos\u00e9 P\u00e9rez Ballester<\/strong> (Universitat de Val\u00e8ncia), <em>Las \u00e1nforas helen\u00edsticas en Iberia-Hispania Citerior<br \/>\n<\/em><strong>&#8211; Fernando Quesada \/ Eduardo Kavanagh<\/strong> (Universidad Aut\u00f3noma de Madrid), <em>El armamento de \u00e9poca romana repulicana en Hispania<br \/>\n<\/em><strong>&#8211; Karin Mansel<\/strong> (Arch\u00e4ologische Staatssammlung M\u00fcnchen), <em>La vajilla de bronce romana en la Hispania republicana <\/em><\/p>\n<p><strong>22.-24. April 2016 <\/strong><\/p>\n<p>Organisation: H\u00e9ctor Uroz Rodr\u00edguez (Universidad de Alicante); Albert Ribera i Lacomba (SIAM \u2013 Ayuntamiento de Valencia)<br \/>\nVeranstaltungsort: Centro socio-cultural Agripina; Av. del Rey, 7; Lezuza (Albacete)<\/p>\n<p>Programm:\u00a0<a href=\"http:\/\/www.toletum-network.com\/wp-content\/uploads\/2016\/03\/Hispania-republicana-04.2016.pdf\" rel=\"\">Hispania republicana 04.2016<\/a>\u00a0(pdf)<\/p>\n","protected":false},"excerpt":{"rendered":"<p>Mit Beitr\u00e4gen u.a. von &#8211; Elena Ruiz Valderas (Museo del Teatro Romano de Cartagena), Contextos materiales del asalto a Carthago Nova (209 a.C.) &#8211; Miguel Beltr\u00e1n Lloris (Museo de Zaragoza), Cultura material romana repulicana de Azaila &#8211; Jos\u00e9 P\u00e9rez Ballester (Universitat de Val\u00e8ncia), Las \u00e1nforas helen\u00edsticas en Iberia-Hispania Citerior &#8211; Fernando Quesada \/ Eduardo Kavanagh &hellip; <a href=\"http:\/\/www.toletum-network.com\/es\/2016\/04\/cultura-material-romana-en-la-hispania-republicana-contextos-privilegiados-y-estado-de-la-cuestion\/\" class=\"more-link\">Continuar leyendo<span class=\"screen-reader-text\"> \u00abCultura material romana en la Hispania republicana. Contextos privilegiados y estado de la cuesti\u00f3n\u00bb<\/span><\/a><\/p>\n","protected":false},"author":8,"featured_media":0,"comment_status":"closed","ping_status":"open","sticky":false,"template":"","format":"standard","meta":{"jetpack_post_was_ever_published":false,"_jetpack_newsletter_access":"","_jetpack_dont_email_post_to_subs":true,"_jetpack_newsletter_tier_id":0,"_jetpack_memberships_contains_paywalled_content":false,"_jetpack_memberships_contains_paid_content":false,"footnotes":"","jetpack_publicize_message":"","jetpack_publicize_feature_enabled":true,"jetpack_social_post_already_shared":true,"jetpack_social_options":{"image_generator_settings":{"template":"highway","default_image_id":0,"font":"","enabled":false},"version":2}},"categories":[7],"tags":[],"class_list":["post-5189","post","type-post","status-publish","format-standard","hentry","category-veranstaltungen"],"jetpack_publicize_connections":[],"jetpack_featured_media_url":"","jetpack_sharing_enabled":true,"jetpack_shortlink":"https:\/\/wp.me\/p82TDz-1lH","_links":{"self":[{"href":"http:\/\/www.toletum-network.com\/es\/wp-json\/wp\/v2\/posts\/5189","targetHints":{"allow":["GET"]}}],"collection":[{"href":"http:\/\/www.toletum-network.com\/es\/wp-json\/wp\/v2\/posts"}],"about":[{"href":"http:\/\/www.toletum-network.com\/es\/wp-json\/wp\/v2\/types\/post"}],"author":[{"embeddable":true,"href":"http:\/\/www.toletum-network.com\/es\/wp-json\/wp\/v2\/users\/8"}],"replies":[{"embeddable":true,"href":"http:\/\/www.toletum-network.com\/es\/wp-json\/wp\/v2\/comments?post=5189"}],"version-history":[{"count":1,"href":"http:\/\/www.toletum-network.com\/es\/wp-json\/wp\/v2\/posts\/5189\/revisions"}],"predecessor-version":[{"id":9109,"href":"http:\/\/www.toletum-network.com\/es\/wp-json\/wp\/v2\/posts\/5189\/revisions\/9109"}],"wp:attachment":[{"href":"http:\/\/www.toletum-network.com\/es\/wp-json\/wp\/v2\/media?parent=5189"}],"wp:term":[{"taxonomy":"category","embeddable":true,"href":"http:\/\/www.toletum-network.com\/es\/wp-json\/wp\/v2\/categories?post=5189"},{"taxonomy":"post_tag","embeddable":true,"href":"http:\/\/www.toletum-network.com\/es\/wp-json\/wp\/v2\/tags?post=5189"}],"curies":[{"name":"wp","href":"https:\/\/api.w.org\/{rel}","templated":true}]}}