{"id":2436,"date":"2013-09-30T08:00:07","date_gmt":"2013-09-30T06:00:07","guid":{"rendered":"http:\/\/www.toletum-network.com\/blog\/?p=2436"},"modified":"2016-11-02T21:49:15","modified_gmt":"2016-11-02T20:49:15","slug":"quienes-fueron-que-fueron-y-que-hacian-identidades-y-arqueologia-funeraria-entre-los-siglos-v-y-viii","status":"publish","type":"post","link":"http:\/\/www.toletum-network.com\/es\/2013\/09\/quienes-fueron-que-fueron-y-que-hacian-identidades-y-arqueologia-funeraria-entre-los-siglos-v-y-viii\/","title":{"rendered":"Qui\u00e9nes fueron, qu\u00e9 fueron y qu\u00e9 haci\u00e1n. Identidades y arqueolog\u00eda funeraria entre los siglos V y VIII"},"content":{"rendered":"<p><strong>Wer waren sie, was waren sie und was machten sie.<br \/>\nIdentit\u00e4ten und Funeralarch\u00e4ologie zwischen dem 5. und 8. <\/strong><strong>Jahrhundert <img loading=\"lazy\" decoding=\"async\" class=\"alignright size-medium wp-image-8827\" src=\"http:\/\/www.toletum-network.com\/wp-content\/uploads\/2013\/09\/Identidades-y-arqueolog\u00eda-funeraria-10.2013-1-199x300.jpg\" alt=\"identidades-y-arqueologia-funeraria-10-2013\" width=\"199\" height=\"300\" srcset=\"http:\/\/www.toletum-network.com\/wp-content\/uploads\/2013\/09\/Identidades-y-arqueolog\u00eda-funeraria-10.2013-1-199x300.jpg 199w, http:\/\/www.toletum-network.com\/wp-content\/uploads\/2013\/09\/Identidades-y-arqueolog\u00eda-funeraria-10.2013-1.jpg 636w\" sizes=\"auto, (max-width: 199px) 85vw, 199px\" \/><br \/>\n<\/strong><b><br \/>\n<\/b>Internationales Kolloquium mit dem Ziel, ein kritisches Fazit aus den Forschungen der letzten Jahre zu ziehen, die die traditionellen Parameter grundlegend in Fragen stellten; aus dem Ank\u00fcndigungstext der Veranstalter: <strong>\u201cSon varios los factores que han determinado este proceso de renovaci\u00f3n:<\/strong> (a) el desarrollo de la arqueolog\u00eda preventiva, que ha sacado a la luz un ingente n\u00famero de yacimientos y, especialmente, una inesperada variedad de realidades funerarias que superan las clasificaciones y los marcos interpretativos conocidos; (b) el desarrollo de nuevos estudios bioarqueol\u00f3gicos sobre los restos humanos, especialmente desde el \u00e1mbito de la geoqu\u00edmica isot\u00f3pica; (c) la revisi\u00f3n y reconceptualizaci\u00f3n de las viejas intervenciones arqueol\u00f3gicas desde nuevos enfoques. <strong>Todas estas l\u00edneas de trabajo se han desarrollado, por otro lado, en el marco de una profunda renovaci\u00f3n te\u00f3rica que ha comportado la afirmaci\u00f3n del postmodernismo que ha terminado por cancelar los residuos del historicismo cultural, dominante hasta hace pocos a\u00f1os.\u201d<\/strong><\/p>\n<p>Mit Beitr\u00e4gen u.a. von<br \/>\n&#8211; <b>Claude Reynaud<\/b> (CNRS UMR 5140 Lattes, Francia):<b> <\/b><i>Gallo-romains, wisigoths, septimaniens? Les n\u00e9cropoles en Septimanie du Ve au VIIIe si\u00e8cle et le paradigme ethniciste<\/i><i><br \/>\n<\/i>&#8211;<b> <\/b><b>Francisco Javier Heras Mora<\/b> (Junta de Extremadura), <b>Ana Bel\u00e9n Olmedo Gragera<\/b>: <b> <\/b><i>Identidad y contexto en la necr\u00f3polis tardorromana de M\u00e9rida<\/i><i><br \/>\n<\/i>&#8211;<b> <\/b><b>Jos\u00e9 \u00c1ngel Hierro G\u00e1rate, Enrique Guti\u00e9rrez Cuenca<\/b> (Universidad de Cantabria): <i>Una aproximaci\u00f3n a la vida e identidad de los c\u00e1ntabros de los siglos VII-VIII d. de C. a partir del registro funerario<\/i><\/p>\n<p><b>17. bis 18. Oktober 2013<\/b><\/p>\n<p>Organisation: Grupo de Investigaci\u00f3n en Patrimonio y Paisajes Culturales de la Universidad del Pa\u00eds Vasco \/ Euskal Herriko Unibertsitatea, Grupo de Estudios Rurales (Unidad Asociada CSIC-UPV\/EHU) und UFI Historia, Pensamiento y Cultura Material der Universit\u00e4t des Baskenlandes in Zusammenarbeit mit Santiago Castellanos (Universidad de Le\u00f3n).<\/p>\n<p>Veranstaltungsort: Universidad del Pa\u00eds Vasco \/ Euskal Herriko Unibertsitatea, Facultad de Letras, Sal\u00f3n de Grados, Paseo de la Universidad 5, 01006 Vitoria-Gasteiz.<\/p>\n<p>Weitere Informationen unter <a href=\"https:\/\/sites.google.com\/site\/arqueofuneraria\/descargas\">www.arqueofuneraria.com<\/a><\/p>","protected":false},"excerpt":{"rendered":"<p>Wer waren sie, was waren sie und was machten sie. Identit\u00e4ten und Funeralarch\u00e4ologie zwischen dem 5. und 8. Jahrhundert Internationales Kolloquium mit dem Ziel, ein kritisches Fazit aus den Forschungen der letzten Jahre zu ziehen, die die traditionellen Parameter grundlegend in Fragen stellten; aus dem Ank\u00fcndigungstext der Veranstalter: \u201cSon varios los factores que han determinado &hellip; <a href=\"http:\/\/www.toletum-network.com\/es\/2013\/09\/quienes-fueron-que-fueron-y-que-hacian-identidades-y-arqueologia-funeraria-entre-los-siglos-v-y-viii\/\" class=\"more-link\">Continuar leyendo<span class=\"screen-reader-text\"> \u00abQui\u00e9nes fueron, qu\u00e9 fueron y qu\u00e9 haci\u00e1n. Identidades y arqueolog\u00eda funeraria entre los siglos V y VIII\u00bb<\/span><\/a><\/p>\n","protected":false},"author":8,"featured_media":0,"comment_status":"closed","ping_status":"open","sticky":false,"template":"","format":"standard","meta":{"jetpack_post_was_ever_published":false,"_jetpack_newsletter_access":"","_jetpack_dont_email_post_to_subs":true,"_jetpack_newsletter_tier_id":0,"_jetpack_memberships_contains_paywalled_content":false,"_jetpack_memberships_contains_paid_content":false,"footnotes":"","jetpack_publicize_message":"","jetpack_publicize_feature_enabled":true,"jetpack_social_post_already_shared":false,"jetpack_social_options":{"image_generator_settings":{"template":"highway","default_image_id":0,"font":"","enabled":false},"version":2}},"categories":[7],"tags":[],"class_list":["post-2436","post","type-post","status-publish","format-standard","hentry","category-veranstaltungen"],"jetpack_publicize_connections":[],"jetpack_featured_media_url":"","jetpack_sharing_enabled":true,"jetpack_shortlink":"https:\/\/wp.me\/p82TDz-Di","_links":{"self":[{"href":"http:\/\/www.toletum-network.com\/es\/wp-json\/wp\/v2\/posts\/2436","targetHints":{"allow":["GET"]}}],"collection":[{"href":"http:\/\/www.toletum-network.com\/es\/wp-json\/wp\/v2\/posts"}],"about":[{"href":"http:\/\/www.toletum-network.com\/es\/wp-json\/wp\/v2\/types\/post"}],"author":[{"embeddable":true,"href":"http:\/\/www.toletum-network.com\/es\/wp-json\/wp\/v2\/users\/8"}],"replies":[{"embeddable":true,"href":"http:\/\/www.toletum-network.com\/es\/wp-json\/wp\/v2\/comments?post=2436"}],"version-history":[{"count":4,"href":"http:\/\/www.toletum-network.com\/es\/wp-json\/wp\/v2\/posts\/2436\/revisions"}],"predecessor-version":[{"id":9805,"href":"http:\/\/www.toletum-network.com\/es\/wp-json\/wp\/v2\/posts\/2436\/revisions\/9805"}],"wp:attachment":[{"href":"http:\/\/www.toletum-network.com\/es\/wp-json\/wp\/v2\/media?parent=2436"}],"wp:term":[{"taxonomy":"category","embeddable":true,"href":"http:\/\/www.toletum-network.com\/es\/wp-json\/wp\/v2\/categories?post=2436"},{"taxonomy":"post_tag","embeddable":true,"href":"http:\/\/www.toletum-network.com\/es\/wp-json\/wp\/v2\/tags?post=2436"}],"curies":[{"name":"wp","href":"https:\/\/api.w.org\/{rel}","templated":true}]}}