{"id":17506,"date":"2023-07-10T08:00:41","date_gmt":"2023-07-10T06:00:41","guid":{"rendered":"https:\/\/www.toletum-network.com\/?p=17506"},"modified":"2023-07-08T00:07:58","modified_gmt":"2023-07-07T22:07:58","slug":"cfp-ein-reisendes-imperium-mittelmeer-und-macht-sevilla-03-2024","status":"publish","type":"post","link":"http:\/\/www.toletum-network.com\/es\/2023\/07\/cfp-ein-reisendes-imperium-mittelmeer-und-macht-sevilla-03-2024\/","title":{"rendered":"CFP: Un Imperio Itinerante: Mediterr\u00e1neo y Poder &#8211; Sevilla, 03\/2024"},"content":{"rendered":"<p><img loading=\"lazy\" decoding=\"async\" class=\"alignleft size-full wp-image-17517\" src=\"http:\/\/www.toletum-network.com\/wp-content\/uploads\/2023\/07\/Un-imperio-itinerante-03.2024-1.jpg\" alt=\"\" width=\"840\" height=\"403\" srcset=\"http:\/\/www.toletum-network.com\/wp-content\/uploads\/2023\/07\/Un-imperio-itinerante-03.2024-1.jpg 840w, http:\/\/www.toletum-network.com\/wp-content\/uploads\/2023\/07\/Un-imperio-itinerante-03.2024-1-300x144.jpg 300w, http:\/\/www.toletum-network.com\/wp-content\/uploads\/2023\/07\/Un-imperio-itinerante-03.2024-1-768x368.jpg 768w\" sizes=\"auto, (max-width: 709px) 85vw, (max-width: 909px) 67vw, (max-width: 1362px) 62vw, 840px\" \/><\/p>\n<p><strong>De la introducci\u00f3n por parte de los organizadores:<\/strong> <em>\u201eEl congreso Un Imperio Itinerante: Mediterr\u00e1neo y Poder pretende ser un punto de referencia para las \u00faltimas generaciones de investigadores interesados en el fen\u00f3meno del poder y su expresi\u00f3n a lo largo del Mediterr\u00e1neo. <strong>La palabra Imperio hace en nuestro congreso las veces de aglutinante de las m\u00faltiples tem\u00e1ticas y evidencias que engloba el poder como expresi\u00f3n humana, a lo largo del Mediterr\u00e1neo, con un contexto hist\u00f3rico que va desde la Antig\u00fcedad Cl\u00e1sica hasta la Edad Media.<\/strong> <strong>Incorporando l\u00edneas metodol\u00f3gicas actuales, se intentar\u00e1 abordar la<\/strong> <strong>problem\u00e1tica alej\u00e1ndonos del enfoque positivista que ha primado en el estudio de los modelos de poder, acercando la misma a una mirada desde las periferias.<\/strong> Esto permitir\u00e1 comprobar la posibilidad de influencias rec\u00edprocas desde distintos puntos geogr\u00e1ficos, m\u00e1s all\u00e1 de la com\u00fan interpretaci\u00f3n de una difusi\u00f3n unidireccional de los modelos.<br \/>\n<strong>Nuestro congreso hace patente la necesidad de incorporar una perspectiva diacr\u00f3nica y hol\u00edstica que permita a la generaci\u00f3n de nuevos investigadores enriquecerse de ideas y enfoques de colegas de diversas disciplinas.<\/strong> Es por ello que las propuestas se abren a arque\u00f3logos, historiadores, historiadores del arte, fil\u00f3logos, arquitectos, epigrafistas o cualquier otro investigador cuyo objeto de estudio guarde relaci\u00f3n con el tema de nuestro congreso.\u00bb<\/em><\/p>\n<p><strong>Las l\u00edneas propuestas por el comit\u00e9 organizador:<br \/>\n<\/strong><strong>\u2013 <\/strong>Influencia de la cultura provincial en el discurso imperial<br \/>\n<strong> \u2013 <\/strong>Transmisi\u00f3n de modelos arquitect\u00f3nicos del poder en la arquitectura residencial: \u00bfun sentido unidireccional?<strong><br \/>\n<\/strong><strong>\u2013 <\/strong>Esculturas, pinturas y otras artes pl\u00e1sticas como propaganda del poder<br \/>\n<strong>\u2013 <\/strong>El ceremonial eclesi\u00e1stico como permeabilizador del mundo cl\u00e1sico<br \/>\n<strong>\u2013 <\/strong>Gremios itinerantes. Influencia de talleres y modelos en las villas y palacios imperiales o eclesi\u00e1sticos<br \/>\n<strong>\u2013 <\/strong>El papel del marmor como elemento configurador de un imperio geogr\u00e1fico&#8230;<strong><br \/>\n<\/strong><\/p>\n<p>del 6 al 8 de marzo de 2024<\/p>\n<p><strong>Organisaci\u00f3n: <\/strong>Juan Jos\u00e9 Algaba Torrealba (Universidad Pablo de Olavide de Sevilla) &#8211; Gonzalo Romero Gustos (Universidad Pablo de Olavide de Sevilla) &#8211; Maite Vel\u00e1zquez Guerrero (Universidad Pablo de Olavide de Sevilla)<br \/>\n<strong>Lugares:<\/strong> Universidad Pablo de Olavide, Carretera de Utrera, Sevilla, Espa\u00f1a<br \/>\n<strong>Para m\u00e1s informaci\u00f3n: <\/strong><a href=\"https:\/\/eventos.upo.es\/100695\/files\/congreso-internacional-un-imperio-itinerante-mediterraneo-y-poder.html\">&#8230;\/\/eventos.upo.es\/&#8230;<\/a><strong><br \/>\n<\/strong><\/p>\n<p><strong>OJO!!<\/strong> El plazo para la presentaci\u00f3n de <strong>res\u00famenes (max. 300 palabras) <\/strong>est\u00e1 abierto hasta el <strong>1 de septiembre de 2023<\/strong> y deben enviarse a la siguiente direcci\u00f3n: imperioitineranteupo@gmail.com<\/p>","protected":false},"excerpt":{"rendered":"<p>De la introducci\u00f3n por parte de los organizadores: \u201eEl congreso Un Imperio Itinerante: Mediterr\u00e1neo y Poder pretende ser un punto de referencia para las \u00faltimas generaciones de investigadores interesados en el fen\u00f3meno del poder y su expresi\u00f3n a lo largo del Mediterr\u00e1neo. La palabra Imperio hace en nuestro congreso las veces de aglutinante de las &hellip; <a href=\"http:\/\/www.toletum-network.com\/es\/2023\/07\/cfp-ein-reisendes-imperium-mittelmeer-und-macht-sevilla-03-2024\/\" class=\"more-link\">Continuar leyendo<span class=\"screen-reader-text\"> \u00abCFP: Un Imperio Itinerante: Mediterr\u00e1neo y Poder &#8211; Sevilla, 03\/2024\u00bb<\/span><\/a><\/p>\n","protected":false},"author":8,"featured_media":0,"comment_status":"closed","ping_status":"closed","sticky":false,"template":"","format":"standard","meta":{"jetpack_post_was_ever_published":false,"_jetpack_newsletter_access":"","_jetpack_dont_email_post_to_subs":false,"_jetpack_newsletter_tier_id":0,"_jetpack_memberships_contains_paywalled_content":false,"_jetpack_memberships_contains_paid_content":false,"footnotes":"","jetpack_publicize_message":"","jetpack_publicize_feature_enabled":true,"jetpack_social_post_already_shared":true,"jetpack_social_options":{"image_generator_settings":{"template":"highway","default_image_id":0,"font":"","enabled":false},"version":2}},"categories":[7],"tags":[],"class_list":["post-17506","post","type-post","status-publish","format-standard","hentry","category-veranstaltungen"],"jetpack_publicize_connections":[],"jetpack_featured_media_url":"","jetpack_sharing_enabled":true,"jetpack_shortlink":"https:\/\/wp.me\/p82TDz-4ym","_links":{"self":[{"href":"http:\/\/www.toletum-network.com\/es\/wp-json\/wp\/v2\/posts\/17506","targetHints":{"allow":["GET"]}}],"collection":[{"href":"http:\/\/www.toletum-network.com\/es\/wp-json\/wp\/v2\/posts"}],"about":[{"href":"http:\/\/www.toletum-network.com\/es\/wp-json\/wp\/v2\/types\/post"}],"author":[{"embeddable":true,"href":"http:\/\/www.toletum-network.com\/es\/wp-json\/wp\/v2\/users\/8"}],"replies":[{"embeddable":true,"href":"http:\/\/www.toletum-network.com\/es\/wp-json\/wp\/v2\/comments?post=17506"}],"version-history":[{"count":14,"href":"http:\/\/www.toletum-network.com\/es\/wp-json\/wp\/v2\/posts\/17506\/revisions"}],"predecessor-version":[{"id":17527,"href":"http:\/\/www.toletum-network.com\/es\/wp-json\/wp\/v2\/posts\/17506\/revisions\/17527"}],"wp:attachment":[{"href":"http:\/\/www.toletum-network.com\/es\/wp-json\/wp\/v2\/media?parent=17506"}],"wp:term":[{"taxonomy":"category","embeddable":true,"href":"http:\/\/www.toletum-network.com\/es\/wp-json\/wp\/v2\/categories?post=17506"},{"taxonomy":"post_tag","embeddable":true,"href":"http:\/\/www.toletum-network.com\/es\/wp-json\/wp\/v2\/tags?post=17506"}],"curies":[{"name":"wp","href":"https:\/\/api.w.org\/{rel}","templated":true}]}}