{"id":15507,"date":"2022-02-21T08:00:00","date_gmt":"2022-02-21T06:00:00","guid":{"rendered":"https:\/\/www.toletum-network.com\/?p=15507"},"modified":"2022-01-30T17:56:33","modified_gmt":"2022-01-30T16:56:33","slug":"die-mezquita-von-cordoba-eine-akademische-und-soziale-debatte-ueber-das-mittelalter-spaniens-vortragsreihe-institut-cervantes-hamburg-2021-22","status":"publish","type":"post","link":"http:\/\/www.toletum-network.com\/es\/2022\/02\/die-mezquita-von-cordoba-eine-akademische-und-soziale-debatte-ueber-das-mittelalter-spaniens-vortragsreihe-institut-cervantes-hamburg-2021-22\/","title":{"rendered":"\u00abLa Mezquita de C\u00f3rdoba: un debate acad\u00e9mico y social sobre el pasado medieval peninsular\u00bb \u2013 Ciclo de conferencias, Instituto Cervantes Hamburgo, 2021\/22"},"content":{"rendered":"<p><img loading=\"lazy\" decoding=\"async\" class=\"alignnone size-full wp-image-15550\" src=\"http:\/\/www.toletum-network.com\/wp-content\/uploads\/2022\/02\/Cordoba.jpg\" alt=\"\" width=\"840\" height=\"403\" srcset=\"http:\/\/www.toletum-network.com\/wp-content\/uploads\/2022\/02\/Cordoba.jpg 840w, http:\/\/www.toletum-network.com\/wp-content\/uploads\/2022\/02\/Cordoba-300x144.jpg 300w, http:\/\/www.toletum-network.com\/wp-content\/uploads\/2022\/02\/Cordoba-768x368.jpg 768w\" sizes=\"auto, (max-width: 709px) 85vw, (max-width: 909px) 67vw, (max-width: 1362px) 62vw, 840px\" \/><\/p>\n<p>El ciclo de conferencias que <strong>Toletum<\/strong> organiza este a\u00f1o junto con el <a href=\"https:\/\/hamburgo.cervantes.es\/de\/default.shtm\">Instituto Cervantes<\/a> sobre <a href=\"http:\/\/Entre di\u00e1logo y conflicto, pluma y espada: al-Andalus, un pasado instrumentalizado\">\u00abEntre di\u00e1logo y conflicto, pluma y espada: al-Andalus, un pasado instrumentalizado\u00bb<\/a>, presentar\u00e1 esta semana a <a href=\"https:\/\/www.toletum-network.com\/es\/teilnehmer\/prof-dr-alejandro-garcia-sanjuan\/\">Alejandro Garc\u00eda Sanju\u00e1n<\/a>, catedr\u00e1tico de historia medieval en la Universidad de Huelva, que hablar\u00e1 sobre<strong> \u00abLa Mezquita de C\u00f3rdoba: un debate acad\u00e9mico y social sobre el pasado medieval peninsular\u00bb<\/strong>.<\/p>\n<p><em><strong>La Mezquita de C\u00f3rdoba es uno de los principales iconos de la presencia isl\u00e1mica en la pen\u00ednsula ib\u00e9rica durante la Edad Media, as\u00ed como uno de los sitios tur\u00edsticos m\u00e1s importantes de Espa\u00f1a. Se trata de un edificio que resume de manera singular el proceso de evoluci\u00f3n del per\u00edodo medieval peninsular.<\/strong> Aunque su origen sigue estando sometido a un amplio debate acad\u00e9mico, los datos textuales y arqueol\u00f3gicos hoy disponibles apuntan a su fundaci\u00f3n por parte del primer soberano Omeya cordob\u00e9s, Abderram\u00e1n III, a finales del siglo VIII. Tras una larga evoluci\u00f3n arquitect\u00f3nica en la que intervienen varios de los miembros de la dinast\u00eda omeya, la conquista cristiana de la ciudad en 1236 supone la transformaci\u00f3n del edificio en un templo cristiano, aunque preservando de forma casi intacta su estructura previa. <strong>En la actualidad y a ra\u00edz de su inmatriculaci\u00f3n por la Iglesia Cat\u00f3lica en 2006, se ha generado una intensa pol\u00e9mica en torno a la propiedad y la gesti\u00f3n del monumento que implica tanto a sectores tanto acad\u00e9micos como sociales y pol\u00edticos.<\/strong><\/em><\/p>\n<p>\u2014 el 24 de febrero de 2021, a las 19:00 horas<\/p>\n<p><strong>Lugar virtual<\/strong><br \/>\nActividad gratuita en l\u00ednea a trav\u00e9s de videoconferencia por zoom. Para registrarse deber\u00e1 escribirnos un correo electr\u00f3nico a cultham@cervantes.es. El d\u00eda antes de la conferencia recibir\u00e1 el enlace para acceder a la misma.<\/p>","protected":false},"excerpt":{"rendered":"<p>El ciclo de conferencias que Toletum organiza este a\u00f1o junto con el Instituto Cervantes sobre \u00abEntre di\u00e1logo y conflicto, pluma y espada: al-Andalus, un pasado instrumentalizado\u00bb, presentar\u00e1 esta semana a Alejandro Garc\u00eda Sanju\u00e1n, catedr\u00e1tico de historia medieval en la Universidad de Huelva, que hablar\u00e1 sobre \u00abLa Mezquita de C\u00f3rdoba: un debate acad\u00e9mico y social sobre &hellip; <a href=\"http:\/\/www.toletum-network.com\/es\/2022\/02\/die-mezquita-von-cordoba-eine-akademische-und-soziale-debatte-ueber-das-mittelalter-spaniens-vortragsreihe-institut-cervantes-hamburg-2021-22\/\" class=\"more-link\">Continuar leyendo<span class=\"screen-reader-text\"> \u00ab\u00abLa Mezquita de C\u00f3rdoba: un debate acad\u00e9mico y social sobre el pasado medieval peninsular\u00bb \u2013 Ciclo de conferencias, Instituto Cervantes Hamburgo, 2021\/22&#8243;<\/span><\/a><\/p>\n","protected":false},"author":8,"featured_media":0,"comment_status":"closed","ping_status":"closed","sticky":false,"template":"","format":"standard","meta":{"jetpack_post_was_ever_published":false,"_jetpack_newsletter_access":"","_jetpack_dont_email_post_to_subs":false,"_jetpack_newsletter_tier_id":0,"_jetpack_memberships_contains_paywalled_content":false,"_jetpack_memberships_contains_paid_content":false,"footnotes":"","jetpack_publicize_message":"","jetpack_publicize_feature_enabled":true,"jetpack_social_post_already_shared":true,"jetpack_social_options":{"image_generator_settings":{"template":"highway","default_image_id":0,"font":"","enabled":false},"version":2}},"categories":[13,19,7],"tags":[],"class_list":["post-15507","post","type-post","status-publish","format-standard","hentry","category-instituto-cervantes","category-toletum","category-veranstaltungen"],"jetpack_publicize_connections":[],"jetpack_featured_media_url":"","jetpack_sharing_enabled":true,"jetpack_shortlink":"https:\/\/wp.me\/p82TDz-427","_links":{"self":[{"href":"http:\/\/www.toletum-network.com\/es\/wp-json\/wp\/v2\/posts\/15507","targetHints":{"allow":["GET"]}}],"collection":[{"href":"http:\/\/www.toletum-network.com\/es\/wp-json\/wp\/v2\/posts"}],"about":[{"href":"http:\/\/www.toletum-network.com\/es\/wp-json\/wp\/v2\/types\/post"}],"author":[{"embeddable":true,"href":"http:\/\/www.toletum-network.com\/es\/wp-json\/wp\/v2\/users\/8"}],"replies":[{"embeddable":true,"href":"http:\/\/www.toletum-network.com\/es\/wp-json\/wp\/v2\/comments?post=15507"}],"version-history":[{"count":6,"href":"http:\/\/www.toletum-network.com\/es\/wp-json\/wp\/v2\/posts\/15507\/revisions"}],"predecessor-version":[{"id":16130,"href":"http:\/\/www.toletum-network.com\/es\/wp-json\/wp\/v2\/posts\/15507\/revisions\/16130"}],"wp:attachment":[{"href":"http:\/\/www.toletum-network.com\/es\/wp-json\/wp\/v2\/media?parent=15507"}],"wp:term":[{"taxonomy":"category","embeddable":true,"href":"http:\/\/www.toletum-network.com\/es\/wp-json\/wp\/v2\/categories?post=15507"},{"taxonomy":"post_tag","embeddable":true,"href":"http:\/\/www.toletum-network.com\/es\/wp-json\/wp\/v2\/tags?post=15507"}],"curies":[{"name":"wp","href":"https:\/\/api.w.org\/{rel}","templated":true}]}}