{"id":14584,"date":"2020-11-09T08:00:52","date_gmt":"2020-11-09T06:00:52","guid":{"rendered":"http:\/\/www.toletum-network.com\/?p=14584"},"modified":"2020-11-06T21:52:42","modified_gmt":"2020-11-06T19:52:42","slug":"der-mythos-um-die-germanen-in-der-konstruktion-spaniens-vortragsreihe-institut-cervantes","status":"publish","type":"post","link":"http:\/\/www.toletum-network.com\/es\/2020\/11\/der-mythos-um-die-germanen-in-der-konstruktion-spaniens-vortragsreihe-institut-cervantes\/","title":{"rendered":"El mito germ\u00e1nico en la construcci\u00f3n de Espa\u00f1a &#8211; Ciclo de conferencias, Instituto Cervantes Hamburgo"},"content":{"rendered":"<p><img loading=\"lazy\" decoding=\"async\" class=\"alignleft size-full wp-image-14676\" src=\"http:\/\/www.toletum-network.com\/wp-content\/uploads\/2020\/11\/Ursprungsmythen-11.2020.jpg\" alt=\"\" width=\"840\" height=\"403\" srcset=\"http:\/\/www.toletum-network.com\/wp-content\/uploads\/2020\/11\/Ursprungsmythen-11.2020.jpg 840w, http:\/\/www.toletum-network.com\/wp-content\/uploads\/2020\/11\/Ursprungsmythen-11.2020-300x144.jpg 300w, http:\/\/www.toletum-network.com\/wp-content\/uploads\/2020\/11\/Ursprungsmythen-11.2020-768x368.jpg 768w\" sizes=\"auto, (max-width: 709px) 85vw, (max-width: 909px) 67vw, (max-width: 1362px) 62vw, 840px\" \/><\/p>\n<p>El ciclo de conferencias que <strong>Toletum<\/strong> organiza este a\u00f1o junto con el <a href=\"https:\/\/hamburgo.cervantes.es\/de\/default.shtm\">Instituto Cervantes<\/a> sobre <strong>\u00abEl mito germ\u00e1nico y el mito \u00e1rabe. Lucha de relatos en la Pen\u00ednsula Ib\u00e9rica\u00bb<\/strong>, presentar\u00e1 esta semana al <a href=\"https:\/\/www.romanislam.uni-hamburg.de\/team\/fellows\/diaz-martinez.html\">Prof. Dr. Pablo D\u00edaz Mart\u00ednez<\/a>, Universidad de Salamanca &#8211; Centro RomanIslam Universidad de Hamburgo, que hablar\u00e1 sobre <strong>\u00abEl mito germ\u00e1nico en la construcci\u00f3n de Espa\u00f1a\u00bb<\/strong>.<\/p>\n<p><em>La b\u00fasqueda de un pasado ajustado a las necesidades de justificar el presente es una necesidad que cada pueblo y pa\u00eds ha recorrido, y que ha ajustado a las exigencias de cada generaci\u00f3n. La realidad hist\u00f3rica hispana ha sido y es realmente compleja, y la b\u00fasqueda de un pasado com\u00fan capaz de aglutinar realidades dispares ha sido un problema de larga duraci\u00f3n. <strong>De las distintas lecturas que pretendieron dotar a Espa\u00f1a de una ancestralidad unificadora ninguna ha tenido un recorrido tan largo y eficaz como el mito godo.<\/strong> Un pueblo germano, invasor y ajeno a cualquier tradici\u00f3n local, emerge, desde el siglo VIII, como el responsable de una espa\u00f1olidad que las distintas monarqu\u00edas cristianas emergentes parecen empe\u00f1adas en restaurar, erigidas en reencarnaci\u00f3n de esa estirpe goda imaginan una Espa\u00f1a unificada como una restauraci\u00f3n del reino germano que unific\u00f3 la pen\u00ednsula en el siglo VI.<\/em><\/p>\n<p>\u2014 el 11 de noviembre de 2020, a las 19:00 horas<\/p>\n<p><strong>Lugar virtual<\/strong><br \/>\n<a href=\"https:\/\/cultura.cervantes.es\/hamburgo\/de\/El-mito-germ%C3%A1nico-en-la-construcci%C3%B3n-de-Espa%C3%B1a\/137848\">https:\/\/cultura.cervantes.es\/hamburgo\/de\/El-mito-germ%C3%A1nico-en-la-construcci%C3%B3n-de-Espa%C3%B1a\/137848<\/a><br \/>\nActividad gratuita en l\u00ednea a trav\u00e9s de videoconferencia por zoom. Para registrarse deber\u00e1 escribirnos un correo electr\u00f3nico a cultham@cervantes.es. El d\u00eda antes de la conferencia recibir\u00e1 el enlace para acceder a la misma.<\/p>","protected":false},"excerpt":{"rendered":"<p>El ciclo de conferencias que Toletum organiza este a\u00f1o junto con el Instituto Cervantes sobre \u00abEl mito germ\u00e1nico y el mito \u00e1rabe. Lucha de relatos en la Pen\u00ednsula Ib\u00e9rica\u00bb, presentar\u00e1 esta semana al Prof. Dr. Pablo D\u00edaz Mart\u00ednez, Universidad de Salamanca &#8211; Centro RomanIslam Universidad de Hamburgo, que hablar\u00e1 sobre \u00abEl mito germ\u00e1nico en la &hellip; <a href=\"http:\/\/www.toletum-network.com\/es\/2020\/11\/der-mythos-um-die-germanen-in-der-konstruktion-spaniens-vortragsreihe-institut-cervantes\/\" class=\"more-link\">Continuar leyendo<span class=\"screen-reader-text\"> \u00abEl mito germ\u00e1nico en la construcci\u00f3n de Espa\u00f1a &#8211; Ciclo de conferencias, Instituto Cervantes Hamburgo\u00bb<\/span><\/a><\/p>\n","protected":false},"author":8,"featured_media":0,"comment_status":"closed","ping_status":"closed","sticky":false,"template":"","format":"standard","meta":{"jetpack_post_was_ever_published":false,"_jetpack_newsletter_access":"","_jetpack_dont_email_post_to_subs":false,"_jetpack_newsletter_tier_id":0,"_jetpack_memberships_contains_paywalled_content":false,"_jetpack_memberships_contains_paid_content":false,"footnotes":"","jetpack_publicize_message":"","jetpack_publicize_feature_enabled":true,"jetpack_social_post_already_shared":true,"jetpack_social_options":{"image_generator_settings":{"template":"highway","default_image_id":0,"font":"","enabled":false},"version":2}},"categories":[13,19],"tags":[],"class_list":["post-14584","post","type-post","status-publish","format-standard","hentry","category-instituto-cervantes","category-toletum"],"jetpack_publicize_connections":[],"jetpack_featured_media_url":"","jetpack_sharing_enabled":true,"jetpack_shortlink":"https:\/\/wp.me\/p82TDz-3Ne","_links":{"self":[{"href":"http:\/\/www.toletum-network.com\/es\/wp-json\/wp\/v2\/posts\/14584","targetHints":{"allow":["GET"]}}],"collection":[{"href":"http:\/\/www.toletum-network.com\/es\/wp-json\/wp\/v2\/posts"}],"about":[{"href":"http:\/\/www.toletum-network.com\/es\/wp-json\/wp\/v2\/types\/post"}],"author":[{"embeddable":true,"href":"http:\/\/www.toletum-network.com\/es\/wp-json\/wp\/v2\/users\/8"}],"replies":[{"embeddable":true,"href":"http:\/\/www.toletum-network.com\/es\/wp-json\/wp\/v2\/comments?post=14584"}],"version-history":[{"count":12,"href":"http:\/\/www.toletum-network.com\/es\/wp-json\/wp\/v2\/posts\/14584\/revisions"}],"predecessor-version":[{"id":14740,"href":"http:\/\/www.toletum-network.com\/es\/wp-json\/wp\/v2\/posts\/14584\/revisions\/14740"}],"wp:attachment":[{"href":"http:\/\/www.toletum-network.com\/es\/wp-json\/wp\/v2\/media?parent=14584"}],"wp:term":[{"taxonomy":"category","embeddable":true,"href":"http:\/\/www.toletum-network.com\/es\/wp-json\/wp\/v2\/categories?post=14584"},{"taxonomy":"post_tag","embeddable":true,"href":"http:\/\/www.toletum-network.com\/es\/wp-json\/wp\/v2\/tags?post=14584"}],"curies":[{"name":"wp","href":"https:\/\/api.w.org\/{rel}","templated":true}]}}