{"id":14476,"date":"2020-11-02T08:00:45","date_gmt":"2020-11-02T06:00:45","guid":{"rendered":"http:\/\/www.toletum-network.com\/?p=14476"},"modified":"2020-10-30T22:24:39","modified_gmt":"2020-10-30T20:24:39","slug":"roemische-staedte-hispaniens-neuheiten-und-funde-i-lusitania-mnar-merida","status":"publish","type":"post","link":"http:\/\/www.toletum-network.com\/es\/2020\/11\/roemische-staedte-hispaniens-neuheiten-und-funde-i-lusitania-mnar-merida\/","title":{"rendered":"Ciudades Romanas de Hispania. Novedades y hallazgos, I: Lusitania &#8211; MNAR, M\u00e9rida"},"content":{"rendered":"<p><\/p>\n<article id=\"post-14092\" class=\"post-14092 post type-post status-future format-standard hentry category-veranstaltungen\">\n<div class=\"entry-content\">\n<p><img loading=\"lazy\" decoding=\"async\" class=\"alignleft size-full wp-image-14554\" src=\"http:\/\/www.toletum-network.com\/wp-content\/uploads\/2020\/11\/Lusitania-MNAR-2020.jpg\" alt=\"\" width=\"840\" height=\"403\" srcset=\"http:\/\/www.toletum-network.com\/wp-content\/uploads\/2020\/11\/Lusitania-MNAR-2020.jpg 840w, http:\/\/www.toletum-network.com\/wp-content\/uploads\/2020\/11\/Lusitania-MNAR-2020-300x144.jpg 300w, http:\/\/www.toletum-network.com\/wp-content\/uploads\/2020\/11\/Lusitania-MNAR-2020-768x368.jpg 768w\" sizes=\"auto, (max-width: 709px) 85vw, (max-width: 909px) 67vw, (max-width: 1362px) 62vw, 840px\" \/><\/p>\n<p><strong>Ciclo internacional de conferencias online en directo. <\/strong>De la introducci\u00f3n por parte de los organizadores: <em>\u00ab(&#8230;) <strong>El programa se ha organizado en 34 conferencias siguiendo la topograf\u00eda provincial hispana, Lusitania, Baetica y Tarraconense<\/strong>, con dos conferencias magistrales de apertura y cierre que nos proporcionan una visi\u00f3n de conjunto. Este primer bloque de conferencias de la serie, que nos ocupar\u00e1 entre el pr\u00f3ximo 24 de septiembre a diciembre, est\u00e1 dedicado \u00edntegramente a <span style=\"color: #000000;\">Lusitania<\/span>, a partir de entonces iremos continuando el ciclo con los otros programas sucesivos dedicados a las otras dos provincias.<\/em><br \/>\n<em><strong>Como saben en esta ocasi\u00f3n se trata de una oferta mixta, las conferencias\u00a0se\u00a0 podr\u00e1n seguir de manera\u00a0presencial\u00a0\u00a0y tambi\u00e9n\u00a0<span style=\"color: #000000;\">online\u00a0<\/span>a trav\u00e9s de nuestro<\/strong>\u00a0\u00a0<a href=\"https:\/\/www.youtube.com\/channel\/UC7-fnGkr143XvItt_bwhh5g\/featured?disable_polymer=1\" target=\"9vQNvgjqG31-4VDkF3sPlsq\" rel=\"noopener noreferrer\">Canal YouTube MNAR<\/a>\u00a0\u00a0para favorecer su difusi\u00f3n a un amplio\u00a0n\u00famero de interesados de todas partes, y que nos permite, adem\u00e1s, adaptarnos a esta nueva realidad en oferta las actividades\u00a0culturales del museo ya que el aforo* est\u00e1 limitado a la normativa vigente para la celebraci\u00f3n\u00a0de este tipo de eventos. (*30 plazas por orden de llegada).\u00bb<\/em><\/p>\n<p>Con ponencias (entre otras) de:<\/p>\n<ul>\n<li>5 de noviembre: <em>Olisipo, <\/em><strong>Carlos Fabi\u00e3o<\/strong> (Universidade de Lisboa)<\/li>\n<li>12 de noviembre: <em>Conimbriga<\/em>, <strong>Virg\u00edlio Hip\u00f3lito Correia<\/strong> (Museo Monogr\u00e1fico e Ruinas de Conimbriga)<\/li>\n<li>19 de noviembre: <em>Aeminium<\/em>, <strong>Pedro C. Carvalho<\/strong> (Universidade de Coimbra)<\/li>\n<li>26 de noviembre: <em>Pax Iulia<\/em>, <strong>Maria da Concei\u00e7\u00e3o Lopes<\/strong> (Universidade de Coimbra)<\/li>\n<\/ul>\n<p><strong>del 24 de septiembre al 17 de diciembre de 2020, a las 20:00 horas<br \/>\n<\/strong><\/p>\n<p><strong>Organisaci\u00f3n: <\/strong>Museo Nacional de Arte Romano, M\u00e9rida<strong><br \/>\n<\/strong><strong>Lugar:<\/strong> <strong>real<\/strong>, Museo Nacional de Arte Romano &#8211; Sal\u00f3n de Actos, c\/ Jos\u00e9 Ram\u00f3n M\u00e9lida s\/n, 06800 M\u00e9rida \/ <strong>virtual<\/strong>, a trav\u00e9s de<span style=\"color: #000000;\"><b>:<\/b><\/span>\u00a0\u00a0<a href=\"https:\/\/www.youtube.com\/channel\/UC7-fnGkr143XvItt_bwhh5g\/featured?disable_polymer=1\" target=\"BCRYEui_qpePioQua-dUQIy\" rel=\"noopener noreferrer\">https:\/\/www.youtube.com\/channel\/UC7-fnGkr143XvItt_bwhh5g\/featured?disable_polymer=1<\/a><br \/>\n<strong>Programa: <a href=\"http:\/\/www.toletum-network.com\/wp-content\/uploads\/2020\/10\/Ciudades-Romanas-Hispania-I-Lusitania-MNAR-2020.pdf\">Ciudades Romanas Hispania I, Lusitania MNAR 2020<\/a><\/strong><\/p>\n<\/div>\n<\/article>\n<p><\/p>","protected":false},"excerpt":{"rendered":"<p>Ciclo internacional de conferencias online en directo. De la introducci\u00f3n por parte de los organizadores: \u00ab(&#8230;) El programa se ha organizado en 34 conferencias siguiendo la topograf\u00eda provincial hispana, Lusitania, Baetica y Tarraconense, con dos conferencias magistrales de apertura y cierre que nos proporcionan una visi\u00f3n de conjunto. Este primer bloque de conferencias de la &hellip; <a href=\"http:\/\/www.toletum-network.com\/es\/2020\/11\/roemische-staedte-hispaniens-neuheiten-und-funde-i-lusitania-mnar-merida\/\" class=\"more-link\">Continuar leyendo<span class=\"screen-reader-text\"> \u00abCiudades Romanas de Hispania. Novedades y hallazgos, I: Lusitania &#8211; MNAR, M\u00e9rida\u00bb<\/span><\/a><\/p>\n","protected":false},"author":8,"featured_media":0,"comment_status":"closed","ping_status":"closed","sticky":false,"template":"","format":"standard","meta":{"jetpack_post_was_ever_published":false,"_jetpack_newsletter_access":"","_jetpack_dont_email_post_to_subs":false,"_jetpack_newsletter_tier_id":0,"_jetpack_memberships_contains_paywalled_content":false,"_jetpack_memberships_contains_paid_content":false,"footnotes":"","jetpack_publicize_message":"","jetpack_publicize_feature_enabled":true,"jetpack_social_post_already_shared":true,"jetpack_social_options":{"image_generator_settings":{"template":"highway","default_image_id":0,"font":"","enabled":false},"version":2}},"categories":[7],"tags":[],"class_list":["post-14476","post","type-post","status-publish","format-standard","hentry","category-veranstaltungen"],"jetpack_publicize_connections":[],"jetpack_featured_media_url":"","jetpack_sharing_enabled":true,"jetpack_shortlink":"https:\/\/wp.me\/p82TDz-3Lu","_links":{"self":[{"href":"http:\/\/www.toletum-network.com\/es\/wp-json\/wp\/v2\/posts\/14476","targetHints":{"allow":["GET"]}}],"collection":[{"href":"http:\/\/www.toletum-network.com\/es\/wp-json\/wp\/v2\/posts"}],"about":[{"href":"http:\/\/www.toletum-network.com\/es\/wp-json\/wp\/v2\/types\/post"}],"author":[{"embeddable":true,"href":"http:\/\/www.toletum-network.com\/es\/wp-json\/wp\/v2\/users\/8"}],"replies":[{"embeddable":true,"href":"http:\/\/www.toletum-network.com\/es\/wp-json\/wp\/v2\/comments?post=14476"}],"version-history":[{"count":10,"href":"http:\/\/www.toletum-network.com\/es\/wp-json\/wp\/v2\/posts\/14476\/revisions"}],"predecessor-version":[{"id":14557,"href":"http:\/\/www.toletum-network.com\/es\/wp-json\/wp\/v2\/posts\/14476\/revisions\/14557"}],"wp:attachment":[{"href":"http:\/\/www.toletum-network.com\/es\/wp-json\/wp\/v2\/media?parent=14476"}],"wp:term":[{"taxonomy":"category","embeddable":true,"href":"http:\/\/www.toletum-network.com\/es\/wp-json\/wp\/v2\/categories?post=14476"},{"taxonomy":"post_tag","embeddable":true,"href":"http:\/\/www.toletum-network.com\/es\/wp-json\/wp\/v2\/tags?post=14476"}],"curies":[{"name":"wp","href":"https:\/\/api.w.org\/{rel}","templated":true}]}}