{"id":14092,"date":"2020-10-12T08:00:27","date_gmt":"2020-10-12T06:00:27","guid":{"rendered":"http:\/\/www.toletum-network.com\/?p=14092"},"modified":"2020-10-11T10:49:41","modified_gmt":"2020-10-11T08:49:41","slug":"die-christianisierung-der-roemischen-villae-en-hispanien-yecla-10-2020","status":"publish","type":"post","link":"http:\/\/www.toletum-network.com\/es\/2020\/10\/die-christianisierung-der-roemischen-villae-en-hispanien-yecla-10-2020\/","title":{"rendered":"La cristianizaci\u00f3n de las villas romanas de Hispania &#8211; Yecla 10\/2020"},"content":{"rendered":"<p><img loading=\"lazy\" decoding=\"async\" class=\"alignleft size-full wp-image-14126\" src=\"http:\/\/www.toletum-network.com\/wp-content\/uploads\/2020\/10\/Yecla-10.2020.jpg\" alt=\"\" width=\"840\" height=\"403\" srcset=\"http:\/\/www.toletum-network.com\/wp-content\/uploads\/2020\/10\/Yecla-10.2020.jpg 840w, http:\/\/www.toletum-network.com\/wp-content\/uploads\/2020\/10\/Yecla-10.2020-300x144.jpg 300w, http:\/\/www.toletum-network.com\/wp-content\/uploads\/2020\/10\/Yecla-10.2020-768x368.jpg 768w\" sizes=\"auto, (max-width: 709px) 85vw, (max-width: 909px) 67vw, (max-width: 1362px) 62vw, 840px\" \/><\/p>\n<p><strong>Seminario internacional sobre \u00abLa cristianizaci\u00f3n de las villas romanas de Hispania\u00bb \u2013 <\/strong>De la introducci\u00f3n por parte de los organizadores: <em>\u00abLos objetivos de este seminario internacional son<\/em><br \/>\n<em>1. <strong>Analizar las transformaciones de los modelos de ocupaci\u00f3n y explotaci\u00f3n del territorio rural a partir del siglo V<\/strong>, en vinculaci\u00f3n con los cambios pol\u00edticos y socioecon\u00f3micos del Imperio Romano de Occidente.<\/em><br \/>\n<em>2. <strong>Investigar el proceso de disoluci\u00f3n de las villae en Hispania<\/strong>, contrastando los cambios registrados en los diversos territorios.<\/em><br \/>\n<em>3. <strong>Avanzar en el conocimiento del proceso de cristianizaci\u00f3n del Sureste hispano<\/strong>, cotejando la informaci\u00f3n proporcionada por las fuentes escritas a la luz de los nuevos hallazgos arqueol\u00f3gicos.<\/em><br \/>\n<em>4. <strong>Estudiar la implantaci\u00f3n de la Iglesia en la Cartaginense meridional<\/strong> con la creaci\u00f3n de un nuevo marco de administraci\u00f3n eclesi\u00e1stica del territorio.<\/em><br \/>\n<em>5. <strong>Conocer los nuevos modelos de edilicia cristiana en el territorio rural<\/strong>.<\/em><br \/>\n<em>6. <strong>Estudiar y contextualizar los nuevos hallazgos arqueol\u00f3gicos en la villa romana de Los Torrejones de Yecla<\/strong>, en particular los de \u00e9poca tardoantigua.<\/em><br \/>\n<em>7. <strong>Conocer el nuevo proyecto expositivo del MAYE y estudiar in situ los vestigios de Los Torrejones<\/strong>, como exponentes relevantes de la riqueza patrimonial e hist\u00f3rica de Yecla.\u00bb<\/em><\/p>\n<p>Con ponencias (entre otras) de:<\/p>\n<ul>\n<li><em>El paisaje rural de Hispania en el siglo V, <\/em><strong>Javier Arce<\/strong> (Universit\u00e9 Lille 3)<\/li>\n<li><em>El proceso de cristianizaci\u00f3n y el final de las villas en Hispania<\/em>,<strong> Gisela Ripoll <\/strong>(Universidad de Barcelona)<\/li>\n<li><em>De villa a monasterio: aproximaci\u00f3n cr\u00edtica a un paradigma indemostrable, <\/em><strong>Francisco Jos\u00e9 Moreno Mart\u00edn<\/strong> (Universidad Complutense de Madrid)<em><br \/>\n<\/em><\/li>\n<li><em>Cambios en los patrones de ocupaci\u00f3n rural y cristianizaci\u00f3n en el entorno de Murcia, <\/em><strong>Jaime Vizca\u00edno S\u00e1nchez <\/strong>(Universidad de Murcia) &#8211; <strong>Luis A. Garc\u00eda Bl\u00e1nquez<\/strong> (ARQUEOTEC Murcia)<\/li>\n<li><em>De la villa romana al monasterio visigodo: la construcci\u00f3n idealizada de un modelo productivo<\/em>, <strong>Pablo C. D\u00edaz<\/strong> (Universidad de Salamanca)<\/li>\n<li><em> Visita guiada a la villa romana de Los Torrejones (Yecla),<\/em> <strong>Liborio Ru\u00edz Molina<\/strong> (Museo Arqueol\u00f3gico Municipal de Yecla)<\/li>\n<\/ul>\n<p><strong>del 22 al 24 de octubre de 2020<\/strong><\/p>\n<p><strong>Organisaci\u00f3n:<\/strong> Jos\u00e9 Miguel Noguera Celdr\u00e1n (Universidad de Murcia); Liborio Ruiz Molina (Arqueol\u00f3gico Municipal de Yecla); Jaime Vizca\u00edno S\u00e1nchez (Universidad de Murcia)<br \/>\n<strong>Lugar:<\/strong> Museo Arqueol\u00f3gico Municipal \u00abCayetano de Mergelina\u00bb; Calle Espa\u00f1a, 37; Yecla<br \/>\n<strong>Programa: <a href=\"http:\/\/www.toletum-network.com\/wp-content\/uploads\/2020\/06\/Villas-romanas-de-Hispania-Yecla-10.2020.pdf\">Villas romanas de Hispania, Yecla 10.2020<\/a><\/strong><\/p>","protected":false},"excerpt":{"rendered":"<p>Seminario internacional sobre \u00abLa cristianizaci\u00f3n de las villas romanas de Hispania\u00bb \u2013 De la introducci\u00f3n por parte de los organizadores: \u00abLos objetivos de este seminario internacional son 1. Analizar las transformaciones de los modelos de ocupaci\u00f3n y explotaci\u00f3n del territorio rural a partir del siglo V, en vinculaci\u00f3n con los cambios pol\u00edticos y socioecon\u00f3micos del &hellip; <a href=\"http:\/\/www.toletum-network.com\/es\/2020\/10\/die-christianisierung-der-roemischen-villae-en-hispanien-yecla-10-2020\/\" class=\"more-link\">Continuar leyendo<span class=\"screen-reader-text\"> \u00abLa cristianizaci\u00f3n de las villas romanas de Hispania &#8211; Yecla 10\/2020\u00bb<\/span><\/a><\/p>\n","protected":false},"author":8,"featured_media":0,"comment_status":"closed","ping_status":"closed","sticky":false,"template":"","format":"standard","meta":{"jetpack_post_was_ever_published":false,"_jetpack_newsletter_access":"","_jetpack_dont_email_post_to_subs":false,"_jetpack_newsletter_tier_id":0,"_jetpack_memberships_contains_paywalled_content":false,"_jetpack_memberships_contains_paid_content":false,"footnotes":"","jetpack_publicize_message":"","jetpack_publicize_feature_enabled":true,"jetpack_social_post_already_shared":true,"jetpack_social_options":{"image_generator_settings":{"template":"highway","default_image_id":0,"font":"","enabled":false},"version":2}},"categories":[7],"tags":[],"class_list":["post-14092","post","type-post","status-publish","format-standard","hentry","category-veranstaltungen"],"jetpack_publicize_connections":[],"jetpack_featured_media_url":"","jetpack_sharing_enabled":true,"jetpack_shortlink":"https:\/\/wp.me\/p82TDz-3Fi","_links":{"self":[{"href":"http:\/\/www.toletum-network.com\/es\/wp-json\/wp\/v2\/posts\/14092","targetHints":{"allow":["GET"]}}],"collection":[{"href":"http:\/\/www.toletum-network.com\/es\/wp-json\/wp\/v2\/posts"}],"about":[{"href":"http:\/\/www.toletum-network.com\/es\/wp-json\/wp\/v2\/types\/post"}],"author":[{"embeddable":true,"href":"http:\/\/www.toletum-network.com\/es\/wp-json\/wp\/v2\/users\/8"}],"replies":[{"embeddable":true,"href":"http:\/\/www.toletum-network.com\/es\/wp-json\/wp\/v2\/comments?post=14092"}],"version-history":[{"count":10,"href":"http:\/\/www.toletum-network.com\/es\/wp-json\/wp\/v2\/posts\/14092\/revisions"}],"predecessor-version":[{"id":14553,"href":"http:\/\/www.toletum-network.com\/es\/wp-json\/wp\/v2\/posts\/14092\/revisions\/14553"}],"wp:attachment":[{"href":"http:\/\/www.toletum-network.com\/es\/wp-json\/wp\/v2\/media?parent=14092"}],"wp:term":[{"taxonomy":"category","embeddable":true,"href":"http:\/\/www.toletum-network.com\/es\/wp-json\/wp\/v2\/categories?post=14092"},{"taxonomy":"post_tag","embeddable":true,"href":"http:\/\/www.toletum-network.com\/es\/wp-json\/wp\/v2\/tags?post=14092"}],"curies":[{"name":"wp","href":"https:\/\/api.w.org\/{rel}","templated":true}]}}