{"id":12236,"date":"2018-12-03T08:00:08","date_gmt":"2018-12-03T06:00:08","guid":{"rendered":"http:\/\/www.toletum-network.com\/?p=12236"},"modified":"2018-11-29T21:53:03","modified_gmt":"2018-11-29T19:53:03","slug":"verfassungspatriotismus-und-nationalismus-die-spanische-nation-im-21-jahrhundert","status":"publish","type":"post","link":"http:\/\/www.toletum-network.com\/es\/2018\/12\/verfassungspatriotismus-und-nationalismus-die-spanische-nation-im-21-jahrhundert\/","title":{"rendered":"Los discursos en torno a la naci\u00f3n espa\u00f1ola en el siglo XXI: entre el patriotismo constitucional y el nacionalismo tradicionalista"},"content":{"rendered":"<p>Conferencia (en alem\u00e1n) del<strong> Dr. Xos\u00e9 M. N\u00fa\u00f1ez Seixas<\/strong>, catedr\u00e1tico de Historia Contempor\u00e1nea Europea en la\u00a0Universidad Santiago de Compostela<\/p>\n<p><em><strong><img loading=\"lazy\" decoding=\"async\" class=\"alignleft size-full wp-image-12357\" src=\"http:\/\/www.toletum-network.com\/wp-content\/uploads\/2018\/12\/FG_DemokratieUndStaatlichkeit_205x205.jpg\" alt=\"\" width=\"205\" height=\"205\" srcset=\"http:\/\/www.toletum-network.com\/wp-content\/uploads\/2018\/12\/FG_DemokratieUndStaatlichkeit_205x205.jpg 205w, http:\/\/www.toletum-network.com\/wp-content\/uploads\/2018\/12\/FG_DemokratieUndStaatlichkeit_205x205-150x150.jpg 150w\" sizes=\"auto, (max-width: 205px) 85vw, 205px\" \/>A la luz de los acontecimientos pol\u00edticos recientes en Espa\u00f1a, la conferencia pretende esbozar una tipolog\u00eda de los discursos del nacionalismo espa\u00f1ol desde la transici\u00f3n, con especial referencia al per\u00edodo 2004-2018. <\/strong>Se ocupa de las versiones contrastantes de la historia nacional espa\u00f1ola, as\u00ed como de las diferentes reacciones de las principales corrientes del patriotismo espa\u00f1ol ante el desaf\u00edo presentado por los movimientos nacionalistas perif\u00e9ricos, en particular el movimiento catal\u00e1n, desde 2012. Para la derecha conservadora, se puede afirmar que una versi\u00f3n m\u00e1s modernizada de los argumentos del tradicionalismo espa\u00f1ol est\u00e1 volviendo a tener relevancia.<img loading=\"lazy\" decoding=\"async\" class=\"alignright size-full wp-image-12358\" src=\"http:\/\/www.toletum-network.com\/wp-content\/uploads\/2018\/12\/cervantes.jpg\" alt=\"\" width=\"236\" height=\"101\" \/><\/em><\/p>\n<p><strong>\u2014 el 5 de diciembre de 2018, a las 19:00 horas<\/strong><\/p>\n<p><strong>Lugar: <\/strong>Hamburger Institut f\u00fcr Sozialforschung, Mittelweg 36, 20148 Hamburg<br \/>\n<strong>Organisaci\u00f3n:<\/strong> <a href=\"http:\/\/his-online.de\">Hamburger Institut f\u00fcr Sozialforschung<\/a>, Mittelweg 36, 20148 Hamburg; <a href=\"http:\/\/hamburgo.cervantes.es\/de\/default.shtm\">Instituto Cervantes Hamburg<\/a>, Chilehaus, Fischertwiete 1, 20095 Hamburg<\/p>","protected":false},"excerpt":{"rendered":"<p>Conferencia (en alem\u00e1n) del Dr. Xos\u00e9 M. N\u00fa\u00f1ez Seixas, catedr\u00e1tico de Historia Contempor\u00e1nea Europea en la\u00a0Universidad Santiago de Compostela A la luz de los acontecimientos pol\u00edticos recientes en Espa\u00f1a, la conferencia pretende esbozar una tipolog\u00eda de los discursos del nacionalismo espa\u00f1ol desde la transici\u00f3n, con especial referencia al per\u00edodo 2004-2018. Se ocupa de las versiones &hellip; <a href=\"http:\/\/www.toletum-network.com\/es\/2018\/12\/verfassungspatriotismus-und-nationalismus-die-spanische-nation-im-21-jahrhundert\/\" class=\"more-link\">Continuar leyendo<span class=\"screen-reader-text\"> \u00abLos discursos en torno a la naci\u00f3n espa\u00f1ola en el siglo XXI: entre el patriotismo constitucional y el nacionalismo tradicionalista\u00bb<\/span><\/a><\/p>\n","protected":false},"author":8,"featured_media":0,"comment_status":"closed","ping_status":"closed","sticky":false,"template":"","format":"standard","meta":{"jetpack_post_was_ever_published":false,"_jetpack_newsletter_access":"","_jetpack_dont_email_post_to_subs":false,"_jetpack_newsletter_tier_id":0,"_jetpack_memberships_contains_paywalled_content":false,"_jetpack_memberships_contains_paid_content":false,"footnotes":"","jetpack_publicize_message":"","jetpack_publicize_feature_enabled":true,"jetpack_social_post_already_shared":true,"jetpack_social_options":{"image_generator_settings":{"template":"highway","default_image_id":0,"font":"","enabled":false},"version":2}},"categories":[1],"tags":[],"class_list":["post-12236","post","type-post","status-publish","format-standard","hentry","category-uncategorized"],"jetpack_publicize_connections":[],"jetpack_featured_media_url":"","jetpack_sharing_enabled":true,"jetpack_shortlink":"https:\/\/wp.me\/p82TDz-3bm","_links":{"self":[{"href":"http:\/\/www.toletum-network.com\/es\/wp-json\/wp\/v2\/posts\/12236","targetHints":{"allow":["GET"]}}],"collection":[{"href":"http:\/\/www.toletum-network.com\/es\/wp-json\/wp\/v2\/posts"}],"about":[{"href":"http:\/\/www.toletum-network.com\/es\/wp-json\/wp\/v2\/types\/post"}],"author":[{"embeddable":true,"href":"http:\/\/www.toletum-network.com\/es\/wp-json\/wp\/v2\/users\/8"}],"replies":[{"embeddable":true,"href":"http:\/\/www.toletum-network.com\/es\/wp-json\/wp\/v2\/comments?post=12236"}],"version-history":[{"count":14,"href":"http:\/\/www.toletum-network.com\/es\/wp-json\/wp\/v2\/posts\/12236\/revisions"}],"predecessor-version":[{"id":12360,"href":"http:\/\/www.toletum-network.com\/es\/wp-json\/wp\/v2\/posts\/12236\/revisions\/12360"}],"wp:attachment":[{"href":"http:\/\/www.toletum-network.com\/es\/wp-json\/wp\/v2\/media?parent=12236"}],"wp:term":[{"taxonomy":"category","embeddable":true,"href":"http:\/\/www.toletum-network.com\/es\/wp-json\/wp\/v2\/categories?post=12236"},{"taxonomy":"post_tag","embeddable":true,"href":"http:\/\/www.toletum-network.com\/es\/wp-json\/wp\/v2\/tags?post=12236"}],"curies":[{"name":"wp","href":"https:\/\/api.w.org\/{rel}","templated":true}]}}