{"id":11115,"date":"2017-11-27T08:00:04","date_gmt":"2017-11-27T06:00:04","guid":{"rendered":"http:\/\/www.toletum-network.com\/?p=11115"},"modified":"2017-11-27T23:01:03","modified_gmt":"2017-11-27T22:01:03","slug":"mimesis-imitation-klassischer-modelle-und-neue-semantische-werte-in-spaetantike-und-mittelalter","status":"publish","type":"post","link":"http:\/\/www.toletum-network.com\/es\/2017\/11\/mimesis-imitation-klassischer-modelle-und-neue-semantische-werte-in-spaetantike-und-mittelalter\/","title":{"rendered":"M\u00cdMESIS: Imitaci\u00f3n de los modelos cl\u00e1sicos y nuevos valores sem\u00e1nticos en el mundo tardoantiguo y medieval"},"content":{"rendered":"<p><img loading=\"lazy\" decoding=\"async\" class=\"aligncenter size-full wp-image-11316\" src=\"http:\/\/www.toletum-network.com\/wp-content\/uploads\/2017\/11\/C\u00f3rdoba-Mezquita.jpg\" alt=\"\" width=\"726\" height=\"579\" srcset=\"http:\/\/www.toletum-network.com\/wp-content\/uploads\/2017\/11\/C\u00f3rdoba-Mezquita.jpg 726w, http:\/\/www.toletum-network.com\/wp-content\/uploads\/2017\/11\/C\u00f3rdoba-Mezquita-300x239.jpg 300w\" sizes=\"auto, (max-width: 709px) 85vw, (max-width: 909px) 67vw, (max-width: 984px) 61vw, (max-width: 1362px) 45vw, 600px\" \/><\/p>\n<p>Con ponencias (entre otras) de<br \/>\n\u2013 <strong>Patrice Cr\u00e9ssier<\/strong> (Universit\u00e9 Lyon), <em>Fatim\u00edes de Ifr\u00eeqiya y Omeyas de al-Andalus: dos formas de contemplar y de reutilizar el patrimonio arquitect\u00f3nico antiguo<\/em><br \/>\n\u2013 <strong>Jorge Elices Oc\u00f3n<\/strong> (Universidad Aut\u00f3noma de Madrid), <em>Estatuas cl\u00e1sicas reutilizadas en al-Andalus: \u00bf\u00eddolos paganos o im\u00e1genes talism\u00e1nicas?<\/em><em><br \/>\n<\/em>\u2013 <strong>Jos\u00e9 Miguel Noguera Celdr\u00e1n \/ Jaime Vizca\u00edno S\u00e1nchez \/ Mar\u00eda Jos\u00e9 Madrid Balanza<\/strong> (Universidad de Murcia), <em>Tiempos pasados y una edad nueva: la reactivaci\u00f3n del opus africanum en Carthago Spartaria durante la etapa bizantina<\/em><br \/>\n\u2013 <strong>Pedro Mateos Cruz<\/strong> (Instituto de Arqueolog\u00eda de M\u00e9rida), <em>Materia y Prestigio: Uso y empleo del material del periodo romano y tardoantiguo en \u00e9pocas posteriores<\/em><br \/>\n\u2013 <strong>Ricardo Mar Medina \/ Jos\u00e9 Javier Guidi S\u00e1nchez<\/strong> (Universitat Rovira i Virgili Tarragona), <em>Los suburbios de T\u00e1rraco en la antiguedad tard\u00eda. Or\u00edgenes y evoluci\u00f3n de la sede episcopal tardorromana y visigoda<\/em><\/p>\n<p><strong>11 de diciembre de 2017<\/strong><\/p>\n<p><strong>Organisaci\u00f3n: <\/strong>Universidad de C\u00f3rdoba, Antiguas Ciudades de Andaluc\u00eda<br \/>\n<strong>Lugar: <\/strong>Sal\u00f3n Mud\u00e9jar del Rectorado de la Universidad de C\u00f3rdoba<br \/>\n<strong>Programa: <a href=\"http:\/\/www.toletum-network.com\/wp-content\/uploads\/2017\/11\/M\u00edmesis-C\u00f3rdoba-12.2017-1.pdf\">M\u00edmesis, C\u00f3rdoba 12.2017<\/a><br \/>\n<\/strong><\/p>","protected":false},"excerpt":{"rendered":"<p>Con ponencias (entre otras) de \u2013 Patrice Cr\u00e9ssier (Universit\u00e9 Lyon), Fatim\u00edes de Ifr\u00eeqiya y Omeyas de al-Andalus: dos formas de contemplar y de reutilizar el patrimonio arquitect\u00f3nico antiguo \u2013 Jorge Elices Oc\u00f3n (Universidad Aut\u00f3noma de Madrid), Estatuas cl\u00e1sicas reutilizadas en al-Andalus: \u00bf\u00eddolos paganos o im\u00e1genes talism\u00e1nicas? \u2013 Jos\u00e9 Miguel Noguera Celdr\u00e1n \/ Jaime Vizca\u00edno S\u00e1nchez &hellip; <a href=\"http:\/\/www.toletum-network.com\/es\/2017\/11\/mimesis-imitation-klassischer-modelle-und-neue-semantische-werte-in-spaetantike-und-mittelalter\/\" class=\"more-link\">Continuar leyendo<span class=\"screen-reader-text\"> \u00abM\u00cdMESIS: Imitaci\u00f3n de los modelos cl\u00e1sicos y nuevos valores sem\u00e1nticos en el mundo tardoantiguo y medieval\u00bb<\/span><\/a><\/p>\n","protected":false},"author":8,"featured_media":0,"comment_status":"closed","ping_status":"closed","sticky":false,"template":"","format":"standard","meta":{"jetpack_post_was_ever_published":false,"_jetpack_newsletter_access":"","_jetpack_dont_email_post_to_subs":false,"_jetpack_newsletter_tier_id":0,"_jetpack_memberships_contains_paywalled_content":false,"_jetpack_memberships_contains_paid_content":false,"footnotes":"","jetpack_publicize_message":"","jetpack_publicize_feature_enabled":true,"jetpack_social_post_already_shared":true,"jetpack_social_options":{"image_generator_settings":{"template":"highway","default_image_id":0,"font":"","enabled":false},"version":2}},"categories":[7],"tags":[],"class_list":["post-11115","post","type-post","status-publish","format-standard","hentry","category-veranstaltungen"],"jetpack_publicize_connections":[],"jetpack_featured_media_url":"","jetpack_sharing_enabled":true,"jetpack_shortlink":"https:\/\/wp.me\/p82TDz-2Th","_links":{"self":[{"href":"http:\/\/www.toletum-network.com\/es\/wp-json\/wp\/v2\/posts\/11115","targetHints":{"allow":["GET"]}}],"collection":[{"href":"http:\/\/www.toletum-network.com\/es\/wp-json\/wp\/v2\/posts"}],"about":[{"href":"http:\/\/www.toletum-network.com\/es\/wp-json\/wp\/v2\/types\/post"}],"author":[{"embeddable":true,"href":"http:\/\/www.toletum-network.com\/es\/wp-json\/wp\/v2\/users\/8"}],"replies":[{"embeddable":true,"href":"http:\/\/www.toletum-network.com\/es\/wp-json\/wp\/v2\/comments?post=11115"}],"version-history":[{"count":21,"href":"http:\/\/www.toletum-network.com\/es\/wp-json\/wp\/v2\/posts\/11115\/revisions"}],"predecessor-version":[{"id":11319,"href":"http:\/\/www.toletum-network.com\/es\/wp-json\/wp\/v2\/posts\/11115\/revisions\/11319"}],"wp:attachment":[{"href":"http:\/\/www.toletum-network.com\/es\/wp-json\/wp\/v2\/media?parent=11115"}],"wp:term":[{"taxonomy":"category","embeddable":true,"href":"http:\/\/www.toletum-network.com\/es\/wp-json\/wp\/v2\/categories?post=11115"},{"taxonomy":"post_tag","embeddable":true,"href":"http:\/\/www.toletum-network.com\/es\/wp-json\/wp\/v2\/tags?post=11115"}],"curies":[{"name":"wp","href":"https:\/\/api.w.org\/{rel}","templated":true}]}}