{"id":11075,"date":"2017-11-20T08:00:29","date_gmt":"2017-11-20T06:00:29","guid":{"rendered":"http:\/\/www.toletum-network.com\/?p=11075"},"modified":"2017-10-13T23:49:34","modified_gmt":"2017-10-13T21:49:34","slug":"maenner-der-religion-und-des-krieges-kreuzzug-und-heiliger-krieg-auf-der-iberischen-halbinsel-im-mittelalter-10-15-jh","status":"publish","type":"post","link":"http:\/\/www.toletum-network.com\/es\/2017\/11\/maenner-der-religion-und-des-krieges-kreuzzug-und-heiliger-krieg-auf-der-iberischen-halbinsel-im-mittelalter-10-15-jh\/","title":{"rendered":"Hombres de religi\u00f3n y guerra. Cruzada y guerra santa en la Edad Media peninsular (ss. X-XV)"},"content":{"rendered":"<p><img loading=\"lazy\" decoding=\"async\" class=\"aligncenter size-full wp-image-11109\" src=\"http:\/\/www.toletum-network.com\/wp-content\/uploads\/2017\/11\/hombres_de_religion.jpg\" alt=\"\" width=\"840\" height=\"403\" srcset=\"http:\/\/www.toletum-network.com\/wp-content\/uploads\/2017\/11\/hombres_de_religion.jpg 840w, http:\/\/www.toletum-network.com\/wp-content\/uploads\/2017\/11\/hombres_de_religion-300x144.jpg 300w, http:\/\/www.toletum-network.com\/wp-content\/uploads\/2017\/11\/hombres_de_religion-768x368.jpg 768w\" sizes=\"auto, (max-width: 709px) 85vw, (max-width: 909px) 67vw, (max-width: 1362px) 62vw, 840px\" \/><\/p>\n<p>Con ponencias (entre otras) de<br \/>\n\u2013 <strong>Alexander P. Bronisch<\/strong> (Monumenta Germaniae Historica Munich), <em>La \u2018Chronica Adefonsi imperatoris\u2019 entre guerra santa ib\u00e9rica y cruzada<br \/>\n<\/em>\u2013 <strong>Maribel Fierro Bello<\/strong> (Consejo Superior de Investigaciones Cient\u00edficas Madrid): <em>Profec\u00eda y guerra en textos isl\u00e1micos tempranos y su recepci\u00f3n en al-Andalus<\/em> <em><br \/>\n<\/em>\u2013 <strong>Pascal Buresi<\/strong> (CNRS-EHESS-ERC IGAMWI): <em>Guerra y religi\u00f3n \/ guerra religiosa en la literatura administrativa de \u00e9poca almohade <\/em><br \/>\n\u2013 <strong>Miguel \u00c1ngel Manzano Rodr\u00edguez<\/strong> (Universidad de Salamanca): <em>De ulemas y santos magreb\u00edes en la guerra contra los cristianos de la Pen\u00ednsula durante la Baja Edad Media<\/em><br \/>\n\u2013 <strong>Alejandro Garc\u00eda Sanju\u00e1n <\/strong>(Universidad de Huelva): <em>M\u00edstica y yihad en al-Andalus en el siglo XII. Ibn Qas\u012b y la revuelta de los mur\u012bd\u016bn<\/em><\/p>\n<p><strong>del 29 de noviembre al 1 de diciembre de 2017<\/strong><\/p>\n<p><strong>Organisaci\u00f3n: <\/strong>Carlos de Ayala Mart\u00ednez, J. Santiago Palacios Ontalva (Universidad Aut\u00f3noma de Madrid) \u2013 <em>Violencia religiosa en la Edad Media peninsular: guerra, discurso apolog\u00e9tico y relato historiogr\u00e1fico (ss. X-XV)<\/em> (proyecto I+D) \u2013 en colaboraci\u00f3n con Casa \u00c1rabe<br \/>\n<strong>Lugar: <\/strong>Universidad Aut\u00f3noma de Madrid, Casa \u00c1rabe<strong><br \/>\nPrograma:<\/strong> <a href=\"http:\/\/www.toletum-network.com\/wp-content\/uploads\/2017\/11\/Hombres-de-religi\u00f3n-y-guerra-10.2017.pdf\">Hombres de religi\u00f3n y guerra 10.2017<\/a><\/p>","protected":false},"excerpt":{"rendered":"<p>Con ponencias (entre otras) de \u2013 Alexander P. Bronisch (Monumenta Germaniae Historica Munich), La \u2018Chronica Adefonsi imperatoris\u2019 entre guerra santa ib\u00e9rica y cruzada \u2013 Maribel Fierro Bello (Consejo Superior de Investigaciones Cient\u00edficas Madrid): Profec\u00eda y guerra en textos isl\u00e1micos tempranos y su recepci\u00f3n en al-Andalus \u2013 Pascal Buresi (CNRS-EHESS-ERC IGAMWI): Guerra y religi\u00f3n \/ guerra &hellip; <a href=\"http:\/\/www.toletum-network.com\/es\/2017\/11\/maenner-der-religion-und-des-krieges-kreuzzug-und-heiliger-krieg-auf-der-iberischen-halbinsel-im-mittelalter-10-15-jh\/\" class=\"more-link\">Continuar leyendo<span class=\"screen-reader-text\"> \u00abHombres de religi\u00f3n y guerra. Cruzada y guerra santa en la Edad Media peninsular (ss. X-XV)\u00bb<\/span><\/a><\/p>\n","protected":false},"author":8,"featured_media":0,"comment_status":"closed","ping_status":"closed","sticky":false,"template":"","format":"standard","meta":{"jetpack_post_was_ever_published":false,"_jetpack_newsletter_access":"","_jetpack_dont_email_post_to_subs":false,"_jetpack_newsletter_tier_id":0,"_jetpack_memberships_contains_paywalled_content":false,"_jetpack_memberships_contains_paid_content":false,"footnotes":"","jetpack_publicize_message":"","jetpack_publicize_feature_enabled":true,"jetpack_social_post_already_shared":true,"jetpack_social_options":{"image_generator_settings":{"template":"highway","default_image_id":0,"font":"","enabled":false},"version":2}},"categories":[7],"tags":[],"class_list":["post-11075","post","type-post","status-publish","format-standard","hentry","category-veranstaltungen"],"jetpack_publicize_connections":[],"jetpack_featured_media_url":"","jetpack_sharing_enabled":true,"jetpack_shortlink":"https:\/\/wp.me\/p82TDz-2SD","_links":{"self":[{"href":"http:\/\/www.toletum-network.com\/es\/wp-json\/wp\/v2\/posts\/11075","targetHints":{"allow":["GET"]}}],"collection":[{"href":"http:\/\/www.toletum-network.com\/es\/wp-json\/wp\/v2\/posts"}],"about":[{"href":"http:\/\/www.toletum-network.com\/es\/wp-json\/wp\/v2\/types\/post"}],"author":[{"embeddable":true,"href":"http:\/\/www.toletum-network.com\/es\/wp-json\/wp\/v2\/users\/8"}],"replies":[{"embeddable":true,"href":"http:\/\/www.toletum-network.com\/es\/wp-json\/wp\/v2\/comments?post=11075"}],"version-history":[{"count":7,"href":"http:\/\/www.toletum-network.com\/es\/wp-json\/wp\/v2\/posts\/11075\/revisions"}],"predecessor-version":[{"id":11124,"href":"http:\/\/www.toletum-network.com\/es\/wp-json\/wp\/v2\/posts\/11075\/revisions\/11124"}],"wp:attachment":[{"href":"http:\/\/www.toletum-network.com\/es\/wp-json\/wp\/v2\/media?parent=11075"}],"wp:term":[{"taxonomy":"category","embeddable":true,"href":"http:\/\/www.toletum-network.com\/es\/wp-json\/wp\/v2\/categories?post=11075"},{"taxonomy":"post_tag","embeddable":true,"href":"http:\/\/www.toletum-network.com\/es\/wp-json\/wp\/v2\/tags?post=11075"}],"curies":[{"name":"wp","href":"https:\/\/api.w.org\/{rel}","templated":true}]}}