{"id":10929,"date":"2017-11-06T08:00:15","date_gmt":"2017-11-06T06:00:15","guid":{"rendered":"http:\/\/www.toletum-network.com\/?p=10929"},"modified":"2017-11-03T21:17:35","modified_gmt":"2017-11-03T20:17:35","slug":"cfp-oeffentliche-thermen-in-hispanien-murciacartagena-042018","status":"publish","type":"post","link":"http:\/\/www.toletum-network.com\/es\/2017\/11\/cfp-oeffentliche-thermen-in-hispanien-murciacartagena-042018\/","title":{"rendered":"CFP: Termas p\u00fablicas de Hispania \u2013 Murcia\/Cartagena 04\/2018"},"content":{"rendered":"<p><img loading=\"lazy\" decoding=\"async\" class=\"aligncenter size-full wp-image-10933\" src=\"http:\/\/www.toletum-network.com\/wp-content\/uploads\/2017\/10\/termaspublicasdehispania.jpg\" alt=\"\" width=\"840\" height=\"403\" srcset=\"http:\/\/www.toletum-network.com\/wp-content\/uploads\/2017\/10\/termaspublicasdehispania.jpg 840w, http:\/\/www.toletum-network.com\/wp-content\/uploads\/2017\/10\/termaspublicasdehispania-300x144.jpg 300w, http:\/\/www.toletum-network.com\/wp-content\/uploads\/2017\/10\/termaspublicasdehispania-768x368.jpg 768w\" sizes=\"auto, (max-width: 709px) 85vw, (max-width: 909px) 67vw, (max-width: 1362px) 62vw, 840px\" \/><\/p>\n<p><strong>Congreso internacional.<\/strong> De la introducci\u00f3n por parte de los organizadores: <em>\u201e(\u2026)<\/em> <em><strong>El congreso pretende poner al d\u00eda, discutir y publicar toda la informaci\u00f3n disponible a d\u00eda de hoy sobre los conjuntos termales p\u00fablicos urbanos de las provincias hispanas.<\/strong> Mediante ponencias encargadas a especialistas de reconocido prestigio, el programa del congreso se estructurar\u00e1 en tres bloques esenciales:<br \/>\n1) <strong>temas de car\u00e1cter general y transversal<\/strong> (origen, tipolog\u00eda, urbanismo, evergetismo, decoraci\u00f3n, abastecimiento, realidad provincial\u2026) presentados bajo el formato de ponencias invitadas;<br \/>\n2) ponencias invitadas con <strong>puestas al d\u00eda de la realidad termal p\u00fablica en cada una de las<\/strong> <strong>provincias hispanas<\/strong>;<br \/>\n3) <strong>presentaci\u00f3n y estudio de casos relevantes y de actualidad, bajo el formato de p\u00f3steres<\/strong>, lo cual permitir\u00e1 presentar, someter a discusi\u00f3n y publicar gran cantidad de informaci\u00f3n en la actualidad dispersa.<\/em><em> (\u2026).\u201d<\/em><\/p>\n<p><strong>del \u200b19 al 21 de abril de 2018<\/strong><\/p>\n<p>Organisaci\u00f3n: Universidad de Murcia y UNED \u2013 en colaboraci\u00f3n con la Regi\u00f3n de Murcia (entre otros)<br \/>\nLugar: Museo Arqueol\u00f3gico de Murcia; Museo del Teatro Romano de Cartagena<\/p>\n<p><strong>\u00a1OJO! <\/strong>Los res\u00famenes de comunicaciones y p\u00f3steres deben\u00a0ser enviados a marta.pavia@um.es hasta <strong>el 26 de<\/strong><strong> enero de <\/strong><strong>2018<\/strong>. Para m\u00e1s informaci\u00f3n: <a href=\"https:\/\/m.facebook.com\/BarrioDelForoRomano\/posts\/1434608556653041\">https:\/\/&#8230;BarrioDelForoRomano&#8230;<\/a><\/p>","protected":false},"excerpt":{"rendered":"<p>Congreso internacional. De la introducci\u00f3n por parte de los organizadores: \u201e(\u2026) El congreso pretende poner al d\u00eda, discutir y publicar toda la informaci\u00f3n disponible a d\u00eda de hoy sobre los conjuntos termales p\u00fablicos urbanos de las provincias hispanas. Mediante ponencias encargadas a especialistas de reconocido prestigio, el programa del congreso se estructurar\u00e1 en tres bloques &hellip; <a href=\"http:\/\/www.toletum-network.com\/es\/2017\/11\/cfp-oeffentliche-thermen-in-hispanien-murciacartagena-042018\/\" class=\"more-link\">Continuar leyendo<span class=\"screen-reader-text\"> \u00abCFP: Termas p\u00fablicas de Hispania \u2013 Murcia\/Cartagena 04\/2018\u00bb<\/span><\/a><\/p>\n","protected":false},"author":8,"featured_media":0,"comment_status":"closed","ping_status":"closed","sticky":false,"template":"","format":"standard","meta":{"jetpack_post_was_ever_published":false,"_jetpack_newsletter_access":"","_jetpack_dont_email_post_to_subs":false,"_jetpack_newsletter_tier_id":0,"_jetpack_memberships_contains_paywalled_content":false,"_jetpack_memberships_contains_paid_content":false,"footnotes":"","jetpack_publicize_message":"","jetpack_publicize_feature_enabled":true,"jetpack_social_post_already_shared":true,"jetpack_social_options":{"image_generator_settings":{"template":"highway","default_image_id":0,"font":"","enabled":false},"version":2}},"categories":[7],"tags":[],"class_list":["post-10929","post","type-post","status-publish","format-standard","hentry","category-veranstaltungen"],"jetpack_publicize_connections":[],"jetpack_featured_media_url":"","jetpack_sharing_enabled":true,"jetpack_shortlink":"https:\/\/wp.me\/p82TDz-2Qh","_links":{"self":[{"href":"http:\/\/www.toletum-network.com\/es\/wp-json\/wp\/v2\/posts\/10929","targetHints":{"allow":["GET"]}}],"collection":[{"href":"http:\/\/www.toletum-network.com\/es\/wp-json\/wp\/v2\/posts"}],"about":[{"href":"http:\/\/www.toletum-network.com\/es\/wp-json\/wp\/v2\/types\/post"}],"author":[{"embeddable":true,"href":"http:\/\/www.toletum-network.com\/es\/wp-json\/wp\/v2\/users\/8"}],"replies":[{"embeddable":true,"href":"http:\/\/www.toletum-network.com\/es\/wp-json\/wp\/v2\/comments?post=10929"}],"version-history":[{"count":12,"href":"http:\/\/www.toletum-network.com\/es\/wp-json\/wp\/v2\/posts\/10929\/revisions"}],"predecessor-version":[{"id":11172,"href":"http:\/\/www.toletum-network.com\/es\/wp-json\/wp\/v2\/posts\/10929\/revisions\/11172"}],"wp:attachment":[{"href":"http:\/\/www.toletum-network.com\/es\/wp-json\/wp\/v2\/media?parent=10929"}],"wp:term":[{"taxonomy":"category","embeddable":true,"href":"http:\/\/www.toletum-network.com\/es\/wp-json\/wp\/v2\/categories?post=10929"},{"taxonomy":"post_tag","embeddable":true,"href":"http:\/\/www.toletum-network.com\/es\/wp-json\/wp\/v2\/tags?post=10929"}],"curies":[{"name":"wp","href":"https:\/\/api.w.org\/{rel}","templated":true}]}}